{"id":55738,"date":"2025-06-03T08:28:57","date_gmt":"2025-06-03T11:28:57","guid":{"rendered":"https:\/\/portalnewsgta.com.br\/?p=55738"},"modified":"2025-06-03T08:28:57","modified_gmt":"2025-06-03T11:28:57","slug":"bolsonaro-e-mais-7-serao-interrogados-em-9-de-junho-no-caso-da-tentativa-de-golpe","status":"publish","type":"post","link":"https:\/\/portalnewsgta.com.br\/index.php\/2025\/06\/03\/bolsonaro-e-mais-7-serao-interrogados-em-9-de-junho-no-caso-da-tentativa-de-golpe\/","title":{"rendered":"Bolsonaro e mais 7 ser\u00e3o interrogados em 9 de junho no caso da tentativa de golpe"},"content":{"rendered":"<p class=\"credito-1\">Rosinei Coutinho\/STF<\/p>\n<p><span class=\"img-conteudo pull-left\"><a href=\"https:\/\/www.gazetadigital.com.br\/storage\/webdisco\/2025\/06\/02\/1200x900\/930b766ccc8708d32f43c8b6f9ae3eed.jpg\" data-fancybox=\"gallery\" data-caption=\"Rosinei Coutinho\/STF\"><img decoding=\"async\" src=\"https:\/\/www.gazetadigital.com.br\/storage\/webdisco\/2025\/06\/02\/431x285\/930b766ccc8708d32f43c8b6f9ae3eed.jpg\" alt=\"Rosinei Coutinho\/STF\" \/><\/a><\/span><\/p>\n<p class=\"img-conteudo-desc\">\n<p><img decoding=\"async\" class=\"pull-left img-responsive\" src=\"https:\/\/www.gazetadigital.com.br\/storage\/webdisco\/2018\/09\/11\/120x80\/f304b94f4631171ec9b90cb3819249b2.jpg\" alt=\"\" \/><\/p>\n<div id=\"text-content\" class=\"mb20\">\n<p>O ministro Alexandre de Moraes, do STF (Supremo Tribunal Federal), marcou para 9 de junho o in\u00edcio do interrogat\u00f3rio do ex-presidente Jair Bolsonaro e outros sete r\u00e9us por tentativa de golpe de Estado. As audi\u00eancias ser\u00e3o realizadas presencialmente na Corte. Apenas o interrogat\u00f3rio do general Braga Netto ser\u00e1 por videoconfer\u00eancia por estar preso.<\/p>\n<p>&nbsp;<\/p>\n<p>No dia 9, os interrogat\u00f3rios ocorrer\u00e3o a partir das 14h \u00e0s 20h, sendo o r\u00e9u colaborador Mauro Cid o primeiro a falar.<\/p>\n<p>&nbsp;<\/p>\n<p>Caso haja necessidade, o ministro designou as seguintes datas para continuidade: 10 de junho, das 9h \u00e0s 20h; dia 11, das 8h \u00e0s 10; dia 12, das 9h \u00e0s 13h, e no dia 13, das 9h as 20h.<\/p>\n<p>&nbsp;<\/p>\n<p>O ministro deixou claro que os r\u00e9us t\u00eam o livre direito de falar ou silenciar nos termos da Constitui\u00e7\u00e3o.<\/p>\n<p>&nbsp;<\/p>\n<p>Encerradas as manifesta\u00e7\u00f5es, Moraes elaborar\u00e1 o relat\u00f3rio (resumo do caso) e apresentar\u00e1 seu voto para o julgamento. A conclus\u00e3o dessa an\u00e1lise n\u00e3o tem prazo definido. Assim que estiver finalizada, a a\u00e7\u00e3o penal ser\u00e1 liberada para inclus\u00e3o na pauta de julgamento.<\/p>\n<p>&nbsp;<\/p>\n<p>A expectativa no STF \u00e9 de que o caso do chamado \u201cn\u00facleo crucial\u201d v\u00e1 a julgamento entre setembro e outubro deste ano. O processo tramita na Primeira Turma da Corte, composta por:<\/p>\n<p>&nbsp;<\/p>\n<p>&#8211; Cristiano Zanin (presidente da Turma)<br \/>\n&#8211; Alexandre de Moraes (relator do caso)<br \/>\n&#8211; C\u00e1rmen L\u00facia<br \/>\n&#8211; Fl\u00e1vio Dino<br \/>\n&#8211; Luiz Fux<\/p>\n<\/div>\n","protected":false},"excerpt":{"rendered":"<p>Rosinei Coutinho\/STF O ministro Alexandre de Moraes, do STF (Supremo Tribunal Federal), marcou para 9<\/p>\n","protected":false},"author":2,"featured_media":55739,"comment_status":"open","ping_status":"open","sticky":false,"template":"","format":"standard","meta":{"footnotes":""},"categories":[13,2],"tags":[1189],"aioseo_notices":[],"_links":{"self":[{"href":"https:\/\/portalnewsgta.com.br\/index.php\/wp-json\/wp\/v2\/posts\/55738"}],"collection":[{"href":"https:\/\/portalnewsgta.com.br\/index.php\/wp-json\/wp\/v2\/posts"}],"about":[{"href":"https:\/\/portalnewsgta.com.br\/index.php\/wp-json\/wp\/v2\/types\/post"}],"author":[{"embeddable":true,"href":"https:\/\/portalnewsgta.com.br\/index.php\/wp-json\/wp\/v2\/users\/2"}],"replies":[{"embeddable":true,"href":"https:\/\/portalnewsgta.com.br\/index.php\/wp-json\/wp\/v2\/comments?post=55738"}],"version-history":[{"count":1,"href":"https:\/\/portalnewsgta.com.br\/index.php\/wp-json\/wp\/v2\/posts\/55738\/revisions"}],"predecessor-version":[{"id":55740,"href":"https:\/\/portalnewsgta.com.br\/index.php\/wp-json\/wp\/v2\/posts\/55738\/revisions\/55740"}],"wp:featuredmedia":[{"embeddable":true,"href":"https:\/\/portalnewsgta.com.br\/index.php\/wp-json\/wp\/v2\/media\/55739"}],"wp:attachment":[{"href":"https:\/\/portalnewsgta.com.br\/index.php\/wp-json\/wp\/v2\/media?parent=55738"}],"wp:term":[{"taxonomy":"category","embeddable":true,"href":"https:\/\/portalnewsgta.com.br\/index.php\/wp-json\/wp\/v2\/categories?post=55738"},{"taxonomy":"post_tag","embeddable":true,"href":"https:\/\/portalnewsgta.com.br\/index.php\/wp-json\/wp\/v2\/tags?post=55738"}],"curies":[{"name":"wp","href":"https:\/\/api.w.org\/{rel}","templated":true}]}}