{"id":55732,"date":"2025-06-03T08:27:08","date_gmt":"2025-06-03T11:27:08","guid":{"rendered":"https:\/\/portalnewsgta.com.br\/?p=55732"},"modified":"2025-06-03T08:27:08","modified_gmt":"2025-06-03T11:27:08","slug":"autor-de-chacina-se-livra-de-indenizar-as-familias-das-vitimas","status":"publish","type":"post","link":"https:\/\/portalnewsgta.com.br\/index.php\/2025\/06\/03\/autor-de-chacina-se-livra-de-indenizar-as-familias-das-vitimas\/","title":{"rendered":"Autor de chacina se livra de indenizar as fam\u00edlias das v\u00edtimas"},"content":{"rendered":"<div class=\"col-xs-12 col-sm-12 col-md-12 col-lg-12 mb10\">\n<div class=\"row\">\n<div class=\"col-xs-12 col-sm-12 col-md-12 col-lg-12 mb15\">\n<div class=\"row\">\n<div class=\"col-xs-12 col-sm-11 col-md-11 col-lg-11 autorer\"><span class=\"autores_fontes_nome\">Aline Almeida<\/span><\/p>\n<p class=\"autores_fontes_email\">aline@gazetadigital.com.br<\/p>\n<\/div>\n<\/div>\n<\/div>\n<\/div>\n<\/div>\n<div class=\"col-xs-12 col-sm-12 col-md-12 col-lg-12 mb30\">\n<p class=\"credito-1\">Reprodu\u00e7\u00e3o \/ Montagem GD<\/p>\n<p><span class=\"img-conteudo pull-left\"><a href=\"https:\/\/www.gazetadigital.com.br\/storage\/webdisco\/2024\/10\/15\/1200x900\/f618e5ecaaa4a09b1081c3f33b4b802a.png\" data-fancybox=\"gallery\" data-caption=\"Reprodu\u00e7\u00e3o \/ Montagem GD\"><img decoding=\"async\" src=\"https:\/\/www.gazetadigital.com.br\/storage\/webdisco\/2024\/10\/15\/431x285\/f618e5ecaaa4a09b1081c3f33b4b802a.png\" alt=\"Reprodu\u00e7\u00e3o \/ Montagem GD\" \/><\/a><\/span><\/p>\n<p class=\"img-conteudo-desc\">\n<div id=\"text-content\" class=\"mb20\">\n<p>Primeira C\u00e2mara Criminal do Tribunal de Justi\u00e7a manteve a condena\u00e7\u00e3o de Edgar Ricardo de Oliveira a 136 anos de pris\u00e3o por executar sete pessoas em Sinop (500 km ao norte de Cuiab\u00e1), entre elas uma menina de 12 anos. O crime ocorreu no dia 21 de fevereiro de 2023, ap\u00f3s uma partida de sinuca. Edgar e seu comparsa, Ezequias Ribeiro, sofreram derrotas nas partidas, o que teria provocado o ataque a tiros, encurralando \u00e0s v\u00edtimas.<\/p>\n<p>&nbsp;<\/p>\n<p>Ezequias morreu em confronto com a Pol\u00edcia Militar durante a busca pelos criminosos, enquanto Edgar se entregou posteriormente. Apesar de manter a condena\u00e7\u00e3o em rela\u00e7\u00e3o ao tempo da pena, os desembargadores decidiram por anular o pagamento de indeniza\u00e7\u00e3o de R$ 200 mil aos familiares das v\u00edtimas da chacina.<\/p>\n<p>&nbsp;<\/p>\n<p>\u201cAnte o exposto, conhecida a pretens\u00e3o de reexame, e, no m\u00e9rito, recurso de apela\u00e7\u00e3o parcialmente provido apenas para excluir da condena\u00e7\u00e3o a determina\u00e7\u00e3o de pagamento da indeniza\u00e7\u00e3o por danos morais \u00e0s fam\u00edlias das v\u00edtimas, mantendo inc\u00f3lume o decreto condenat\u00f3rio na origem\u201d, destacou o relator Wesley Sanchez Lacerda, que teve o voto seguido pelos demais desembargadores.<\/p>\n<p>&nbsp;<\/p>\n<p>A defesa de Edgar pediu a anula\u00e7\u00e3o do j\u00fari alegando que a transmiss\u00e3o virtual do julgamento teria comprometido a incomunicabilidade das testemunhas, al\u00e9m do fato de que, como o crime teve ampla repercuss\u00e3o, o que teria prejudicado sua defesa. Mas os desembargadores entenderam que n\u00e3o houve preju\u00edzo. A decis\u00e3o pontuou ainda que a dosimetria da pena, determinada no j\u00fari em outubro de 2024, foi conduzida com acerto, sem qualquer m\u00e1cula de ilegalidade ou desproporcionalidade.<\/p>\n<p>&nbsp;<\/p>\n<p>Mas, no que se refere \u00e0 condena\u00e7\u00e3o ao pagamento de indeniza\u00e7\u00e3o, a jurisprud\u00eancia do Superior Tribunal de Justi\u00e7a estabelece que a fixa\u00e7\u00e3o de valor m\u00ednimo para repara\u00e7\u00e3o de danos materiais exige pedido expresso, indica\u00e7\u00e3o do montante e instru\u00e7\u00e3o espec\u00edfica, enquanto, para danos morais, s\u00e3o imprescind\u00edveis o pedido e a estimativa do valor na den\u00fancia, a fim de assegurar o contradit\u00f3rio a ampla defesa. No caso, os desembargadores entenderam que tais requisitos n\u00e3o foram atendidos pelo Minist\u00e9rio P\u00fablico.<\/p>\n<\/div>\n<\/div>\n","protected":false},"excerpt":{"rendered":"<p>Aline Almeida aline@gazetadigital.com.br Reprodu\u00e7\u00e3o \/ Montagem GD Primeira C\u00e2mara Criminal do Tribunal de Justi\u00e7a manteve<\/p>\n","protected":false},"author":2,"featured_media":55733,"comment_status":"open","ping_status":"open","sticky":false,"template":"","format":"standard","meta":{"footnotes":""},"categories":[7,13],"tags":[138],"aioseo_notices":[],"_links":{"self":[{"href":"https:\/\/portalnewsgta.com.br\/index.php\/wp-json\/wp\/v2\/posts\/55732"}],"collection":[{"href":"https:\/\/portalnewsgta.com.br\/index.php\/wp-json\/wp\/v2\/posts"}],"about":[{"href":"https:\/\/portalnewsgta.com.br\/index.php\/wp-json\/wp\/v2\/types\/post"}],"author":[{"embeddable":true,"href":"https:\/\/portalnewsgta.com.br\/index.php\/wp-json\/wp\/v2\/users\/2"}],"replies":[{"embeddable":true,"href":"https:\/\/portalnewsgta.com.br\/index.php\/wp-json\/wp\/v2\/comments?post=55732"}],"version-history":[{"count":1,"href":"https:\/\/portalnewsgta.com.br\/index.php\/wp-json\/wp\/v2\/posts\/55732\/revisions"}],"predecessor-version":[{"id":55734,"href":"https:\/\/portalnewsgta.com.br\/index.php\/wp-json\/wp\/v2\/posts\/55732\/revisions\/55734"}],"wp:featuredmedia":[{"embeddable":true,"href":"https:\/\/portalnewsgta.com.br\/index.php\/wp-json\/wp\/v2\/media\/55733"}],"wp:attachment":[{"href":"https:\/\/portalnewsgta.com.br\/index.php\/wp-json\/wp\/v2\/media?parent=55732"}],"wp:term":[{"taxonomy":"category","embeddable":true,"href":"https:\/\/portalnewsgta.com.br\/index.php\/wp-json\/wp\/v2\/categories?post=55732"},{"taxonomy":"post_tag","embeddable":true,"href":"https:\/\/portalnewsgta.com.br\/index.php\/wp-json\/wp\/v2\/tags?post=55732"}],"curies":[{"name":"wp","href":"https:\/\/api.w.org\/{rel}","templated":true}]}}