{"id":55729,"date":"2025-06-03T08:23:02","date_gmt":"2025-06-03T11:23:02","guid":{"rendered":"https:\/\/portalnewsgta.com.br\/?p=55729"},"modified":"2025-06-03T08:23:02","modified_gmt":"2025-06-03T11:23:02","slug":"julio-cobra-urgencia-com-chapas-nao-e-facil-achar-candidatos","status":"publish","type":"post","link":"https:\/\/portalnewsgta.com.br\/index.php\/2025\/06\/03\/julio-cobra-urgencia-com-chapas-nao-e-facil-achar-candidatos\/","title":{"rendered":"J\u00falio cobra urg\u00eancia com chapas: \u201cN\u00e3o \u00e9 f\u00e1cil achar candidatos\u201d"},"content":{"rendered":"<section class=\"FullLine\">\n<div class=\"conteudo\">\n<h3>Deputado demonstrou preocupa\u00e7\u00e3o com a possibilidade do partido sair atr\u00e1s de outras siglas<\/h3>\n<\/div>\n<\/section>\n<section>\n<div class=\"FullLine\">\n<div class=\"conteudo_foto\">\n<div class=\"imgcontent\">\n<p class=\"credito_foto\">Victor Ostetti\/MidiaNews<\/p>\n<p><a href=\"https:\/\/www.midianews.com.br\/\/storage\/webdisco\/2025\/02\/19\/886x590\/374916d0e99b839e9fcfdcffed63f7a8.jpg\" rel=\"lightbox\" data-title=\"O deputado estadual J\u00falio Campos disse que a reuni\u00e3o do partido est\u00e1 marcada\"><img loading=\"lazy\" decoding=\"async\" id=\"img_conteudo\" class=\"img-responsive\" src=\"https:\/\/www.midianews.com.br\/\/storage\/webdisco\/2025\/02\/19\/438x291\/374916d0e99b839e9fcfdcffed63f7a8.jpg\" alt=\"O deputado estadual J\u00falio Campos disse que a reuni\u00e3o do partido est\u00e1 marcada\" width=\"438\" height=\"292\" border=\"0\" \/><\/a><\/p>\n<p class=\"descricao_foto\">O deputado estadual J\u00falio Campos disse que a reuni\u00e3o do partido est\u00e1 marcada<\/p>\n<\/div>\n<\/div>\n<div class=\"Font14Bold\">VIT\u00d3RIA GOMES E C\u00cdNTIA BORGES<br \/>\nDA REDA\u00c7\u00c3O<\/div>\n<div id=\"texto\" class=\"texto\">\n<p>O deputado estadual J\u00falio Campos cobrou urg\u00eancia para que o Uni\u00e3o Brasil comece a escolher os nomes que v\u00e3o concorrer \u00e0 Assembleia Legislativa e \u00e0 C\u00e2mara Federal no ano que vem.<\/p>\n<p>&nbsp;<\/p>\n<div class=\"quote-wrapper right\">\n<div class=\"quote-img-wrapper right\"><img decoding=\"async\" class=\"quote-img right\" src=\"https:\/\/www.midianews.com.br\/images\/aspas_right.gif\" \/><\/div>\n<h2 class=\"quote-content\">Se n\u00e3o trabalhamos daqui at\u00e9 fim do ano, ano que vem, em mar\u00e7o, muita gente vai fugir do partido na janela partid\u00e1ria<\/h2>\n<\/div>\n<p>O partido ter\u00e1 sua primeira reuni\u00e3o partid\u00e1ria nesta segunda-feira (2). Nela as lideran\u00e7as come\u00e7ar\u00e3o a se organizar para a elei\u00e7\u00e3o de 2026.<\/p>\n<p>&nbsp;<\/p>\n<p>\u201cN\u00f3s vamos agora organizar a chapa de deputados estaduais e federais, porque enquanto o MDB de Janaina [Riva], o Podemos de Max [Russi], o PSD de F\u00e1varo e o PT de L\u00fadio [Cabral] est\u00e3o se organizando, agregando valores para disputar a Assembleia Legislativa e a C\u00e2mara dos Deputados, n\u00f3s estamos parados\u201d, afirmou \u00e0 imprensa.<\/p>\n<p>&nbsp;<\/p>\n<p>J\u00falio demonstrou preocupa\u00e7\u00e3o pelo fato de alguns nomes fortes do partido j\u00e1 terem demonstrado a inten\u00e7\u00e3o de migrar de sigla na janela partid\u00e1ria, em mar\u00e7o. Ele citou o deputado federal Coronel Assis, que deve tentar a reelei\u00e7\u00e3o pelo PL, e o deputado estadual Dilmar Dal\u2019Bosco, que pretende ir para o PRD.<\/p>\n<p>&nbsp;<\/p>\n<p>Outro fato que deixou o deputado em alerta \u00e9 a perspectiva de aumento de cadeiras no Legislativo Estadual e Federal para o pr\u00f3ximo ano. A bancada de Mato Grosso na C\u00e2mara dos Deputados ter\u00e1 mais duas cadeiras e, consequentemente, na Assembleia Legislativa ser\u00e3o criadas mais seis vagas.<\/p>\n<p>&nbsp;<\/p>\n<p>\u201cN\u00f3s temos que nos movimentar para conseguir fazer a chapa, porque se aumentar as vagas para 30, n\u00f3s temos que ter 31 candidatos estadual e 11 candidatos federais\u201d, disse.<\/p>\n<p>&nbsp;<\/p>\n<p>\u201cE n\u00e3o \u00e9 f\u00e1cil de achar candidatos, homens e mulheres, para compor essa chapa. Se n\u00e3o trabalhamos daqui at\u00e9 fim do ano, ano que vem, em mar\u00e7o, muita gente vai fugir do partido na janela partid\u00e1ria\u201d, completou.<\/p>\n<p>&nbsp;<\/p>\n<p><strong>Sucess\u00e3o do governo<\/strong><\/p>\n<p>&nbsp;<\/p>\n<p>Outro ponto que deve ser tratado na reuni\u00e3o do Uni\u00e3o Brasil \u00e9 o nome que ser\u00e1 candidato a governador em 2026.<\/p>\n<p>&nbsp;<\/p>\n<p>Segundo J\u00falio, j\u00e1 existe um entendimento de que o governador Mauro Mendes ser\u00e1 candidato ao Senado e seu irm\u00e3o, o senador Jayme Campos, disputar\u00e1 a lideran\u00e7a do Pal\u00e1cio Paiagu\u00e1s.<\/p>\n<p>&nbsp;<\/p>\n<p>\u201cO Uni\u00e3o Brasil, n\u00f3s contamos com ele [Mendes] para ser candidata a senador com o Jayme Campos candidato a governador. A chapa majorit\u00e1ria do Uni\u00e3o Brasil j\u00e1 est\u00e1 montada at\u00e9 com o conhecimento da Executiva Nacional de Bras\u00edlia. E j\u00e1 sabem que em Mato Grosso, o Uni\u00e3o Brasil agora \u00e9 a Uni\u00e3o Progressista, e ter\u00e1 candidato a governador Jayme Campos e senador Mauro Mendes\u201d.<\/p>\n<\/div>\n<\/div>\n<\/section>\n","protected":false},"excerpt":{"rendered":"<p>Deputado demonstrou preocupa\u00e7\u00e3o com a possibilidade do partido sair atr\u00e1s de outras siglas Victor Ostetti\/MidiaNews<\/p>\n","protected":false},"author":2,"featured_media":55730,"comment_status":"open","ping_status":"open","sticky":false,"template":"","format":"standard","meta":{"footnotes":""},"categories":[13,2],"tags":[1187],"aioseo_notices":[],"_links":{"self":[{"href":"https:\/\/portalnewsgta.com.br\/index.php\/wp-json\/wp\/v2\/posts\/55729"}],"collection":[{"href":"https:\/\/portalnewsgta.com.br\/index.php\/wp-json\/wp\/v2\/posts"}],"about":[{"href":"https:\/\/portalnewsgta.com.br\/index.php\/wp-json\/wp\/v2\/types\/post"}],"author":[{"embeddable":true,"href":"https:\/\/portalnewsgta.com.br\/index.php\/wp-json\/wp\/v2\/users\/2"}],"replies":[{"embeddable":true,"href":"https:\/\/portalnewsgta.com.br\/index.php\/wp-json\/wp\/v2\/comments?post=55729"}],"version-history":[{"count":1,"href":"https:\/\/portalnewsgta.com.br\/index.php\/wp-json\/wp\/v2\/posts\/55729\/revisions"}],"predecessor-version":[{"id":55731,"href":"https:\/\/portalnewsgta.com.br\/index.php\/wp-json\/wp\/v2\/posts\/55729\/revisions\/55731"}],"wp:featuredmedia":[{"embeddable":true,"href":"https:\/\/portalnewsgta.com.br\/index.php\/wp-json\/wp\/v2\/media\/55730"}],"wp:attachment":[{"href":"https:\/\/portalnewsgta.com.br\/index.php\/wp-json\/wp\/v2\/media?parent=55729"}],"wp:term":[{"taxonomy":"category","embeddable":true,"href":"https:\/\/portalnewsgta.com.br\/index.php\/wp-json\/wp\/v2\/categories?post=55729"},{"taxonomy":"post_tag","embeddable":true,"href":"https:\/\/portalnewsgta.com.br\/index.php\/wp-json\/wp\/v2\/tags?post=55729"}],"curies":[{"name":"wp","href":"https:\/\/api.w.org\/{rel}","templated":true}]}}