{"id":55346,"date":"2025-05-29T08:39:01","date_gmt":"2025-05-29T11:39:01","guid":{"rendered":"https:\/\/portalnewsgta.com.br\/?p=55346"},"modified":"2025-05-29T08:39:01","modified_gmt":"2025-05-29T11:39:01","slug":"sigla-de-mendes-inicia-em-junho-articulacoes-para-eleicao-de-2026","status":"publish","type":"post","link":"https:\/\/portalnewsgta.com.br\/index.php\/2025\/05\/29\/sigla-de-mendes-inicia-em-junho-articulacoes-para-eleicao-de-2026\/","title":{"rendered":"Sigla de Mendes inicia em junho articula\u00e7\u00f5es para elei\u00e7\u00e3o de 2026"},"content":{"rendered":"<section class=\"FullLine\">\n<div class=\"conteudo\">\n<h3>Dilmar afirmou que o partido vai discutir sobre comiss\u00f5es provis\u00f3rias e candidaturas<\/h3>\n<\/div>\n<\/section>\n<section>\n<div class=\"FullLine\">\n<div class=\"conteudo_foto\">\n<div class=\"imgcontent\">\n<p class=\"credito_foto\">Victor Ostetti\/MidiaNews<\/p>\n<p class=\"descricao_foto\">O deputado estadual Dilmar Dal\u2019Bosco defendeu que o partido comece a se organizar logo para 2026<\/p>\n<\/div>\n<\/div>\n<div class=\"Font14Bold\">VIT\u00d3RIA GOMES<br \/>\nDA REDA\u00c7\u00c3O<\/div>\n<div id=\"texto\" class=\"texto\">\n<p>L\u00edder do Governo na Assembleia Legislativa, o deputado estadual Dilmar Dal\u2019Bosco afirmou que os membros do Uni\u00e3o Brasil marcaram uma reuni\u00e3o no dia 2 de junho para iniciar as articula\u00e7\u00f5es do partido a respeito das elei\u00e7\u00f5es de 2026.<\/p>\n<p>&nbsp;<\/p>\n<div class=\"quote-wrapper right\">\n<div class=\"quote-img-wrapper right\"><img decoding=\"async\" class=\"quote-img right\" src=\"https:\/\/www.midianews.com.br\/images\/aspas_right.gif\" \/><\/div>\n<h2 class=\"quote-content\">[Temos que] pelo menos come\u00e7ar as discuss\u00f5es para que l\u00e1 na frente a gente chegue no entendimento de como vai ser o posicionamento da Uni\u00e3o Brasil<\/h2>\n<\/div>\n<p>\u201cEu conversei com o Eduardo Botelho, conversei com o J\u00falio Campos, senador Jayme Campos e tamb\u00e9m com o Mauro Mendes, j\u00e1 est\u00e1 pr\u00e9-agendado, marcado dia 2 de junho, na segunda-feira, \u00e0s 18 horas l\u00e1 no partido para tratar assuntos do partido\u201d, afirmou ao Estad\u00e3o Mato Grosso.<\/p>\n<p>&nbsp;<\/p>\n<p>\u201cQuest\u00e3o das comiss\u00f5es provis\u00f3rias, como que vai ser a quest\u00e3o das elei\u00e7\u00f5es de 2026, j\u00e1 come\u00e7ar a desenhar para convidar lideran\u00e7as para vir para o partido, para possibilidade de candidaturas a deputado estadual, deputado federal\u201d, completou.<\/p>\n<p>&nbsp;<\/p>\n<p>Apesar de ainda faltar mais de um ano para a elei\u00e7\u00e3o, em Mato Grosso as discuss\u00f5es sobre o pleito tem se adiantado, principalmente em rela\u00e7\u00e3o \u00e0 disputa pela sucess\u00e3o do Governo.<\/p>\n<div id=\"taboola-mid-article-thumbnails\" class=\"trc_related_container tbl-trecs-container trc_spotlight_widget trc_elastic trc_elastic_alternating-thumbnails-a-mid-article\" data-placement-name=\"Mid Article Thumbnails\">\n<div class=\"trc_rbox_container\">\n<div>\n<div id=\"trc_wrapper_7350659128\" class=\"trc_rbox alternating-thumbnails-a-mid-article trc-content-hybrid\">\n<div id=\"trc_header_7350659128\" class=\"trc_rbox_header trc_rbox_border_elm\">\n<div class=\"trc_header_ext\"><\/div>\n<\/div>\n<\/div>\n<\/div>\n<\/div>\n<\/div>\n<p>&nbsp;<\/p>\n<p>As lideran\u00e7as do Uni\u00e3o desde o come\u00e7o do ano tem se posicionado pedindo para que o partido inicie os di\u00e1logos para saber como v\u00e3o se posicionar sobre quem ser\u00e1 o nome de que vai represent\u00e1-los na elei\u00e7\u00e3o.<\/p>\n<p>&nbsp;<\/p>\n<p>O governador Mauro Mendes, que \u00e9 presidente do Uni\u00e3o em Mato Grosso, j\u00e1 revelou que vai apoiar o nome do vice-governador Otaviano Pivetta (Republicanos) como candidato \u00e0 sucess\u00e3o.<\/p>\n<p>&nbsp;<\/p>\n<p>No entanto, alguns membros do partido defendem que o grupo deve ter um candidato pr\u00f3prio na disputa. O senador Jayme Campos foi um que demonstrou interesse em se candidatar para governador.<\/p>\n<p>&nbsp;<\/p>\n<p>\u201cSabemos a\u00ed que n\u00f3s temos dois nomes hoje poss\u00edveis a candidatos a senadores da Rep\u00fablica e tamb\u00e9m a governo. Ent\u00e3o, o partido tem op\u00e7\u00e3o hoje tanto ao governo do estado de Mato Grosso, que \u00e9 o senador Jayme Campos, que tem se posicionado ou a Governo ou a Senado. O governador Mauro Mendes tamb\u00e9m tem uma possibilidade dele ir para a Senado da Rep\u00fablica\u201d, disse Dilmar.<\/p>\n<p>&nbsp;<\/p>\n<p>\u201c[Temos que] pelo menos come\u00e7ar as discuss\u00f5es para que l\u00e1 na frente a gente chegue no entendimento de como vai ser o posicionamento da Uni\u00e3o Brasil\u201d.<\/p>\n<p>&nbsp;<\/p>\n<p><strong>Federa\u00e7\u00e3o<\/strong><\/p>\n<p>&nbsp;<\/p>\n<p>Como o Uni\u00e3o Brasil oficializou a federa\u00e7\u00e3o com o Progressitas (PP), Dilmar afirmou que as principais lideran\u00e7as do partido tamb\u00e9m devem participar da reuni\u00e3o sobre 2026.<\/p>\n<p>&nbsp;<\/p>\n<p>&#8220;Hoje fazemos parte da Uni\u00e3o Progressista, ent\u00e3o tamb\u00e9m vai convidar o Cidinho, o Paulo Ara\u00fajo. Eles v\u00e3o fazer parte tamb\u00e9m dessa reuni\u00e3o. Pelo menos o convite vai&#8221;, disse.<\/p>\n<p>&nbsp;<\/p>\n<p><strong>Veja v\u00eddeo:<\/strong><\/p>\n<p>&nbsp;<\/p>\n<\/div>\n<\/div>\n<\/section>\n<section>\n<div class=\"FullLine\">\n<div style=\"width: 392px;\" class=\"wp-video\"><!--[if lt IE 9]><script>document.createElement('video');<\/script><![endif]-->\n<video class=\"wp-video-shortcode\" id=\"video-55346-1\" width=\"392\" height=\"848\" preload=\"metadata\" controls=\"controls\"><source type=\"video\/mp4\" src=\"https:\/\/portalnewsgta.com.br\/wp-content\/uploads\/2025\/05\/17c496fd7752810718ff623205a69990.mp4?_=1\" \/><a href=\"https:\/\/portalnewsgta.com.br\/wp-content\/uploads\/2025\/05\/17c496fd7752810718ff623205a69990.mp4\">https:\/\/portalnewsgta.com.br\/wp-content\/uploads\/2025\/05\/17c496fd7752810718ff623205a69990.mp4<\/a><\/video><\/div>\n<\/div>\n<\/section>\n<div class=\"row\">\n<div class=\"col-sm-12\"><\/div>\n<\/div>\n","protected":false},"excerpt":{"rendered":"<p>Dilmar afirmou que o partido vai discutir sobre comiss\u00f5es provis\u00f3rias e candidaturas Victor Ostetti\/MidiaNews O<\/p>\n","protected":false},"author":2,"featured_media":55347,"comment_status":"open","ping_status":"open","sticky":false,"template":"","format":"standard","meta":{"footnotes":""},"categories":[13,2],"tags":[1176],"aioseo_notices":[],"_links":{"self":[{"href":"https:\/\/portalnewsgta.com.br\/index.php\/wp-json\/wp\/v2\/posts\/55346"}],"collection":[{"href":"https:\/\/portalnewsgta.com.br\/index.php\/wp-json\/wp\/v2\/posts"}],"about":[{"href":"https:\/\/portalnewsgta.com.br\/index.php\/wp-json\/wp\/v2\/types\/post"}],"author":[{"embeddable":true,"href":"https:\/\/portalnewsgta.com.br\/index.php\/wp-json\/wp\/v2\/users\/2"}],"replies":[{"embeddable":true,"href":"https:\/\/portalnewsgta.com.br\/index.php\/wp-json\/wp\/v2\/comments?post=55346"}],"version-history":[{"count":1,"href":"https:\/\/portalnewsgta.com.br\/index.php\/wp-json\/wp\/v2\/posts\/55346\/revisions"}],"predecessor-version":[{"id":55349,"href":"https:\/\/portalnewsgta.com.br\/index.php\/wp-json\/wp\/v2\/posts\/55346\/revisions\/55349"}],"wp:featuredmedia":[{"embeddable":true,"href":"https:\/\/portalnewsgta.com.br\/index.php\/wp-json\/wp\/v2\/media\/55347"}],"wp:attachment":[{"href":"https:\/\/portalnewsgta.com.br\/index.php\/wp-json\/wp\/v2\/media?parent=55346"}],"wp:term":[{"taxonomy":"category","embeddable":true,"href":"https:\/\/portalnewsgta.com.br\/index.php\/wp-json\/wp\/v2\/categories?post=55346"},{"taxonomy":"post_tag","embeddable":true,"href":"https:\/\/portalnewsgta.com.br\/index.php\/wp-json\/wp\/v2\/tags?post=55346"}],"curies":[{"name":"wp","href":"https:\/\/api.w.org\/{rel}","templated":true}]}}