{"id":55088,"date":"2025-05-27T08:11:31","date_gmt":"2025-05-27T11:11:31","guid":{"rendered":"https:\/\/portalnewsgta.com.br\/?p=55088"},"modified":"2025-05-27T08:11:31","modified_gmt":"2025-05-27T11:11:31","slug":"operacao-integrada-da-policia-civil-e-mjsp-combate-crimes-ciberneticos-praticados-contra-criancas-e-adolescentes","status":"publish","type":"post","link":"https:\/\/portalnewsgta.com.br\/index.php\/2025\/05\/27\/operacao-integrada-da-policia-civil-e-mjsp-combate-crimes-ciberneticos-praticados-contra-criancas-e-adolescentes\/","title":{"rendered":"Opera\u00e7\u00e3o integrada da Pol\u00edcia Civil e MJSP combate crimes cibern\u00e9ticos praticados contra crian\u00e7as e adolescentes"},"content":{"rendered":"<h5>A\u00e7\u00e3o nacional ocorre em 12 estados e combate redes que estimulavam automutila\u00e7\u00e3o, compartilhavam pornografia infantil, praticavam amea\u00e7as e apologia ao nazismo<\/h5>\n<div>Assessoria\u00a0|\u00a0MJSP e Pol\u00edcia Civil-MT<\/div>\n<div><\/div>\n<div>\n<div class=\"full-content\">\n<p>A Pol\u00edcia Civil do Estado de Mato Grosso, em a\u00e7\u00e3o coordenada com o Laborat\u00f3rio de Opera\u00e7\u00f5es Cibern\u00e9ticas do Minist\u00e9rio da Justi\u00e7a e Seguran\u00e7a P\u00fablica (MJSP), deflagrou nesta ter\u00e7a-feira (27.5) a Opera\u00e7\u00e3o M\u00e3o de Ferro 2, uma ofensiva nacional contra crimes cibern\u00e9ticos de extrema gravidade, especialmente aqueles direcionados a crian\u00e7as e adolescentes.<\/p>\n<p>A opera\u00e7\u00e3o ocorre de forma simult\u00e2nea em 12 estados brasileiros, com a participa\u00e7\u00e3o das Pol\u00edcias Civis do Amazonas, Bahia, Cear\u00e1, Esp\u00edrito Santo, Minas Gerais, Mato Grosso, Mato Grosso do Sul, Par\u00e1, Piau\u00ed, Rio Grande do Sul, Sergipe e S\u00e3o Paulo. Ao todo, est\u00e3o sendo cumpridos 22 mandados judiciais, incluindo busca e apreens\u00e3o, pris\u00e3o tempor\u00e1ria e interna\u00e7\u00e3o socioeducativa.<\/p>\n<p>As a\u00e7\u00f5es est\u00e3o concentradas nos munic\u00edpios de Manaus e Uru\u00e7ar\u00e1 (AM); Mairi (BA); Fortaleza e Itaitinga (CE); Serra (ES); Sete Lagoas e Caet\u00e9 (MG); Sinop e Rondon\u00f3polis (MT); Aquidauana (MS); Marab\u00e1, Barcarena, Cana\u00e3 dos Caraj\u00e1s e Ananindeua (PA); Oeiras (PI); Lajeado (RS); S\u00e3o Domingos (SE); S\u00e3o Paulo, Guarulhos, Porto Feliz, Itu, Santa Isabel e Altair (SP).<\/p>\n<div><picture data-fileentryid=\"72295267\"><source srcset=\"\/o\/adaptive-media\/image\/72295267\/Thumbnail-1024x1024\/WhatsApp+Image+2025-05-27+at+05.47.20.jpeg?t=1748340811996\" media=\"(max-width:1024px)\" \/><img decoding=\"async\" src=\"https:\/\/www.secom.mt.gov.br\/documents\/d\/pjc\/whatsapp-image-2025-05-27-at-05-47-20-jpeg?imageThumbnail=3\" alt=\"\" height=\"266\" \/><\/picture>\n<div id=\"imgCaption_0\" class=\"imgCaption\"><\/div>\n<\/div>\n<p>Em Mato Grosso, s\u00e3o cumpridas tr\u00eas ordens judiciais, sendo \u00a0um mandado de busca e apreens\u00e3o domiciliar contra uma adolescente, de 16 anos, na cidade de Sinop e dois mandados de busca e apreens\u00e3o e de interna\u00e7\u00e3o provis\u00f3ria \u00a0contra o l\u00edder do grupo, um adolescente de 15 anos, na cidade de Rondon\u00f3polis.<\/p>\n<p>O menor apontado como l\u00edder do grupo j\u00e1 havia sido alvo da\u00a0<a href=\"https:\/\/www.secom.mt.gov.br\/web\/pjc\/w\/pol%C3%ADcia-civil-de-mato-grosso-deflagra-opera%C3%A7%C3%A3o-de-combate-a-crimes-de-%C3%B3dio-na-internet\">1\u00aa fase da opera\u00e7\u00e3o<\/a>, deflagrada em agosto de 2024 e tamb\u00e9m da\u00a0<a href=\"https:\/\/www.pjc.mt.gov.br\/w\/pol%C3%ADcia-civil-deflagra-opera%C3%A7%C3%A3o-em-combate-ao-uso-de-plataformas-digitais-para-incentivar-a-automutila%C3%A7%C3%A3o\">Opera\u00e7\u00e3o Disc\u00f3rdia<\/a>, deflagrada pela Pol\u00edcia Civil no \u00faltimo m\u00eas de abril.<\/p>\n<div><picture data-fileentryid=\"72295274\"><source srcset=\"\/o\/adaptive-media\/image\/72295274\/Thumbnail-1024x1024\/WhatsApp+Image+2025-05-27+at+05.53.18.jpeg?t=1748340875966\" media=\"(max-width:1024px)\" \/><img decoding=\"async\" src=\"https:\/\/www.secom.mt.gov.br\/documents\/d\/pjc\/whatsapp-image-2025-05-27-at-05-53-18-jpeg?imageThumbnail=3\" alt=\"\" height=\"266\" \/><\/picture>\n<div id=\"imgCaption_1\" class=\"imgCaption\"><\/div>\n<\/div>\n<p>O cumprimento das ordens judiciais conta com apoio da 1\u00aa Delegacia de Pol\u00edcia de Sinop e da Delegacia Especializada de Defesa da Mulher de Rondon\u00f3polis. A opera\u00e7\u00e3o integra o planejamento estrat\u00e9gico da Pol\u00edcia Civil por meio da opera\u00e7\u00e3o Inter Partes, dentro do programa Toler\u00e2ncia Zero, do Governo de Mato Grosso, que tem intensificado o combate \u00e0s fac\u00e7\u00f5es criminosas em todo o Estado.<\/p>\n<p><strong>Rede criminosa<\/strong><\/p>\n<p>As investiga\u00e7\u00f5es identificaram uma rede de pessoas, com participa\u00e7\u00e3o de adolescentes, que, de forma articulada, praticava crimes como indu\u00e7\u00e3o, instiga\u00e7\u00e3o ou aux\u00edlio \u00e0 automutila\u00e7\u00e3o e ao suic\u00eddio, persegui\u00e7\u00e3o (stalking), amea\u00e7as, produ\u00e7\u00e3o, armazenamento e compartilhamento de pornografia infantil, apologia ao nazismo e invas\u00e3o de sistemas informatizados, incluindo acesso n\u00e3o autorizado a bancos de dados p\u00fablicos.<\/p>\n<p>As pr\u00e1ticas criminosas ocorriam principalmente em plataformas como WhatsApp, Telegram e Discord, nas quais os investigados disseminavam conte\u00fados de viol\u00eancia extrema, estimulavam comportamentos autodestrutivos, realizavam coa\u00e7\u00e3o psicol\u00f3gica, amea\u00e7as e exposi\u00e7\u00e3o p\u00fablica de v\u00edtimas \u2014 em sua maioria, adolescentes \u2014 causando danos emocionais e psicol\u00f3gicos severos.<\/p>\n<div><picture data-fileentryid=\"72295281\"><source srcset=\"\/o\/adaptive-media\/image\/72295281\/Thumbnail-1024x1024\/WhatsApp+Image+2025-05-27+at+05.47.19.jpeg?t=1748340911908\" media=\"(max-width:1024px)\" \/><img decoding=\"async\" src=\"https:\/\/www.secom.mt.gov.br\/documents\/d\/pjc\/whatsapp-image-2025-05-27-at-05-47-19-jpeg?imageThumbnail=3\" alt=\"\" height=\"266\" \/><\/picture>\n<div id=\"imgCaption_2\" class=\"imgCaption\"><\/div>\n<\/div>\n<p>\u201cO Minist\u00e9rio da Justi\u00e7a e Seguran\u00e7a P\u00fablica, por meio do Laborat\u00f3rio, promoveu a integra\u00e7\u00e3o operacional entre as Pol\u00edcias Civis dos estados, possibilitando uma a\u00e7\u00e3o coordenada, simult\u00e2nea e robusta. A troca de informa\u00e7\u00f5es e o alinhamento entre os estados foram fundamentais para que essa opera\u00e7\u00e3o atingisse abrang\u00eancia nacional, visando proteger nossas crian\u00e7as e adolescentes e responsabilizar aqueles que se escondem no ambiente digital para praticar crimes t\u00e3o graves\u201d, destacou Rodney Silva, diretor de Opera\u00e7\u00f5es Integradas e de Intelig\u00eancia da Secretaria Nacional de Seguran\u00e7a P\u00fablica,\u00a0 do MJSP.<\/p>\n<p>De acordo com Gustavo Godoy Alevado, delegado adjunto da Delegacia Especializada de Repress\u00e3o a Crimes Inform\u00e1ticos, &#8220;a Opera\u00e7\u00e3o M\u00e3o de Ferro 2 \u00e9 resultado de um trabalho investigativo minucioso conduzido pela Delegacia Especializada de Repress\u00e3o a Crimes Inform\u00e1ticos da Pol\u00edcia Civil de Mato Grosso, em parceria com o Ciberlab do Minist\u00e9rio da Justi\u00e7a. A deflagra\u00e7\u00e3o da opera\u00e7\u00e3o \u00e9 uma resposta firme e coordenada do Estado \u00e0 viol\u00eancia digital contra crian\u00e7as e adolescentes.&#8221;<\/p>\n<div><picture data-fileentryid=\"72295288\"><source srcset=\"\/o\/adaptive-media\/image\/72295288\/Thumbnail-1024x1024\/WhatsApp+Image+2025-05-27+at+06.02.49.jpeg?t=1748340945443\" media=\"(max-width:768px)\" \/><img decoding=\"async\" src=\"https:\/\/www.secom.mt.gov.br\/documents\/d\/pjc\/whatsapp-image-2025-05-27-at-06-02-49-jpeg?imageThumbnail=3\" alt=\"\" height=\"266\" \/><\/picture>\n<div id=\"imgCaption_3\" class=\"imgCaption\"><\/div>\n<\/div>\n<p><strong>M\u00e3o de Ferro<\/strong><\/p>\n<p>O nome da opera\u00e7\u00e3o representa a resposta firme, rigorosa e coordenada do Estado brasileiro no enfrentamento de crimes de alta gravidade praticados no ambiente digital, especialmente aqueles que atingem crian\u00e7as e adolescentes. Simboliza o papel da lei e do sistema de seguran\u00e7a p\u00fablica no combate \u00e0 explora\u00e7\u00e3o digital, viol\u00eancia psicol\u00f3gica e \u00e0 dissemina\u00e7\u00e3o de conte\u00fados de \u00f3dio e autodestrui\u00e7\u00e3o.<\/p>\n<p><strong>Crimes<\/strong><\/p>\n<p>Os investigados poder\u00e3o responder pelos seguintes crimes:<\/p>\n<ul>\n<li>Indu\u00e7\u00e3o, instiga\u00e7\u00e3o ou aux\u00edlio \u00e0 automutila\u00e7\u00e3o e ao suic\u00eddio (Art. 122 do C\u00f3digo Penal) \u2014 pena de 2 a 6 anos, podendo ser dobrada se a v\u00edtima for crian\u00e7a ou adolescente.<\/li>\n<li>Persegui\u00e7\u00e3o (stalking) (Art. 147-A do C\u00f3digo Penal) \u2014 pena de 6 meses a 2 anos, aumentada se contra crian\u00e7a ou adolescente.<\/li>\n<li>Amea\u00e7a (Art. 147 do C\u00f3digo Penal) \u2014 pena de 1 a 6 meses ou multa.<\/li>\n<li>Produ\u00e7\u00e3o, armazenamento e compartilhamento de pornografia infantil (Arts. 241-A e 241-B do ECA) \u2014 pena de 3 a 6 anos (compartilhamento) e 1 a 4 anos (armazenamento).<\/li>\n<li>Apologia ao nazismo (Art. 20, \u00a71\u00ba, da Lei 7.716\/89) \u2014 pena de 2 a 5 anos.<\/li>\n<\/ul>\n<p>As penas, somadas, podem ultrapassar 20 anos de reclus\u00e3o, al\u00e9m de multas.<\/p>\n<div><picture data-fileentryid=\"72295295\"><source srcset=\"\/o\/adaptive-media\/image\/72295295\/Thumbnail-1024x1024\/WhatsApp+Image+2025-05-27+at+05.53.19.jpeg?t=1748341044562\" media=\"(max-width:1024px)\" \/><img decoding=\"async\" src=\"https:\/\/www.secom.mt.gov.br\/documents\/d\/pjc\/whatsapp-image-2025-05-27-at-05-53-19-jpeg?imageThumbnail=3\" alt=\"\" height=\"266\" \/><\/picture>\n<div id=\"imgCaption_4\" class=\"imgCaption\"><\/div>\n<\/div>\n<p>O delegado titular da DRCI, Guilherme Berto Nascimento Fachinelli, ressaltou a import\u00e2ncia da continuidade e do aprofundamento das a\u00e7\u00f5es repressivas contra este tipo de criminalidade:<\/p>\n<p>\u201cA atua\u00e7\u00e3o integrada entre os estados e o Governo Federal tem sido fundamental para identificar e neutralizar redes criminosas que operam no ambiente digital, aliciando v\u00edtimas vulner\u00e1veis. Essa opera\u00e7\u00e3o representa mais um avan\u00e7o no enfrentamento de crimes cibern\u00e9ticos, refor\u00e7ando nosso compromisso com a prote\u00e7\u00e3o da inf\u00e2ncia e juventude e com a responsabiliza\u00e7\u00e3o daqueles que atentam contra direitos fundamentais por tr\u00e1s da aparente impunidade da internet.\u201d<\/p>\n<p>A Pol\u00edcia Judici\u00e1ria Civil refor\u00e7a a import\u00e2ncia da den\u00fancia an\u00f4nima por meio do disque 197 ou dos canais digitais oficiais, como ferramenta essencial para a repress\u00e3o de crimes que ocorrem no ambiente virtual, principalmente os que envolvem v\u00edtimas em situa\u00e7\u00e3o de especial prote\u00e7\u00e3o legal.<\/p>\n<\/div>\n<\/div>\n","protected":false},"excerpt":{"rendered":"<p>A\u00e7\u00e3o nacional ocorre em 12 estados e combate redes que estimulavam automutila\u00e7\u00e3o, compartilhavam pornografia infantil,<\/p>\n","protected":false},"author":2,"featured_media":55089,"comment_status":"open","ping_status":"open","sticky":false,"template":"","format":"standard","meta":{"footnotes":""},"categories":[13,8],"tags":[1149],"aioseo_notices":[],"_links":{"self":[{"href":"https:\/\/portalnewsgta.com.br\/index.php\/wp-json\/wp\/v2\/posts\/55088"}],"collection":[{"href":"https:\/\/portalnewsgta.com.br\/index.php\/wp-json\/wp\/v2\/posts"}],"about":[{"href":"https:\/\/portalnewsgta.com.br\/index.php\/wp-json\/wp\/v2\/types\/post"}],"author":[{"embeddable":true,"href":"https:\/\/portalnewsgta.com.br\/index.php\/wp-json\/wp\/v2\/users\/2"}],"replies":[{"embeddable":true,"href":"https:\/\/portalnewsgta.com.br\/index.php\/wp-json\/wp\/v2\/comments?post=55088"}],"version-history":[{"count":1,"href":"https:\/\/portalnewsgta.com.br\/index.php\/wp-json\/wp\/v2\/posts\/55088\/revisions"}],"predecessor-version":[{"id":55090,"href":"https:\/\/portalnewsgta.com.br\/index.php\/wp-json\/wp\/v2\/posts\/55088\/revisions\/55090"}],"wp:featuredmedia":[{"embeddable":true,"href":"https:\/\/portalnewsgta.com.br\/index.php\/wp-json\/wp\/v2\/media\/55089"}],"wp:attachment":[{"href":"https:\/\/portalnewsgta.com.br\/index.php\/wp-json\/wp\/v2\/media?parent=55088"}],"wp:term":[{"taxonomy":"category","embeddable":true,"href":"https:\/\/portalnewsgta.com.br\/index.php\/wp-json\/wp\/v2\/categories?post=55088"},{"taxonomy":"post_tag","embeddable":true,"href":"https:\/\/portalnewsgta.com.br\/index.php\/wp-json\/wp\/v2\/tags?post=55088"}],"curies":[{"name":"wp","href":"https:\/\/api.w.org\/{rel}","templated":true}]}}