{"id":54891,"date":"2025-05-21T09:21:27","date_gmt":"2025-05-21T12:21:27","guid":{"rendered":"https:\/\/portalnewsgta.com.br\/?p=54891"},"modified":"2025-05-21T09:21:27","modified_gmt":"2025-05-21T12:21:27","slug":"alta-floresta-bolo-de-aniversario-encerra-atividades-de-comemoracao-dos-49-anos","status":"publish","type":"post","link":"https:\/\/portalnewsgta.com.br\/index.php\/2025\/05\/21\/alta-floresta-bolo-de-aniversario-encerra-atividades-de-comemoracao-dos-49-anos\/","title":{"rendered":"Alta Floresta: bolo de anivers\u00e1rio encerra atividades de comemora\u00e7\u00e3o dos 49 anos"},"content":{"rendered":"<div class=\"td_block_wrap tdb_single_featured_image tdi_53 tdb-content-horiz-left td-pb-border-top td_block_template_1\" data-td-block-uid=\"tdi_53\">\n<div class=\"tdb-block-inner td-fix-index\">\n<figure><figcaption class=\"tdb-caption-text\">Autor da Foto: Fabio Bonadeu<\/figcaption><\/figure>\n<\/div>\n<\/div>\n<div class=\"td_block_wrap tdb_single_content tdi_54 td-pb-border-top td_block_template_1 td-post-content tagdiv-type\" data-td-block-uid=\"tdi_54\">\n<div class=\"tdb-block-inner td-fix-index\">\n<p>H\u00e1 quatro anos, surgiu a ideia de servir um bolo de anivers\u00e1rio \u00e0 popula\u00e7\u00e3o, e a iniciativa logo conquistou a todos. O bolo \u00e9 servido ao final do desfile e \u00e9 sempre muito aguardado. Em 2025, foram 49 metros de bolo \u2014 um metro para cada ano de Alta Floresta.<\/p>\n<p>Assim que o desfile foi conclu\u00eddo, o p\u00fablico se dirigiu \u00e0s barracas onde o bolo foi servido. Autoridades e servidores p\u00fablicos participaram da entrega, com o apoio do Tiro de Guerra 09-001.<\/p>\n<p>Moradora do Jardim Universit\u00e1rio, a aposentada Madalena Alves dos Santos levou seus dois netos, Kay\u00e3 e Bruno, para participar do desfile e, claro, do corte do bolo. Segundo Madalena, os netos estavam ansiosos por esse momento. Assim como em anos anteriores, a distribui\u00e7\u00e3o foi organizada e n\u00e3o houve desperd\u00edcio.<\/p>\n<p>Al\u00e9m do prefeito Chico Gamba e da primeira-dama e secret\u00e1ria de Assist\u00eancia Social e Cidadania, Vilma Gamba, tamb\u00e9m participaram da entrega do bolo o vice-governador Otaviano Pivetta; o vice-prefeito e secret\u00e1rio de Governo, Gest\u00e3o e Planejamento, Robson Quintino; os deputados Dilmar Dal Bosco, Nininho e Beto Dois a Um; o secret\u00e1rio-chefe da Casa Civil, F\u00e1bio Garcia; e o secret\u00e1rio de Estado de Educa\u00e7\u00e3o, Alan Porto.<\/p>\n<\/div>\n<\/div>\n","protected":false},"excerpt":{"rendered":"<p>Autor da Foto: Fabio Bonadeu H\u00e1 quatro anos, surgiu a ideia de servir um bolo<\/p>\n","protected":false},"author":2,"featured_media":54892,"comment_status":"open","ping_status":"open","sticky":false,"template":"","format":"standard","meta":{"footnotes":""},"categories":[7,13],"tags":[],"aioseo_notices":[],"_links":{"self":[{"href":"https:\/\/portalnewsgta.com.br\/index.php\/wp-json\/wp\/v2\/posts\/54891"}],"collection":[{"href":"https:\/\/portalnewsgta.com.br\/index.php\/wp-json\/wp\/v2\/posts"}],"about":[{"href":"https:\/\/portalnewsgta.com.br\/index.php\/wp-json\/wp\/v2\/types\/post"}],"author":[{"embeddable":true,"href":"https:\/\/portalnewsgta.com.br\/index.php\/wp-json\/wp\/v2\/users\/2"}],"replies":[{"embeddable":true,"href":"https:\/\/portalnewsgta.com.br\/index.php\/wp-json\/wp\/v2\/comments?post=54891"}],"version-history":[{"count":1,"href":"https:\/\/portalnewsgta.com.br\/index.php\/wp-json\/wp\/v2\/posts\/54891\/revisions"}],"predecessor-version":[{"id":54893,"href":"https:\/\/portalnewsgta.com.br\/index.php\/wp-json\/wp\/v2\/posts\/54891\/revisions\/54893"}],"wp:featuredmedia":[{"embeddable":true,"href":"https:\/\/portalnewsgta.com.br\/index.php\/wp-json\/wp\/v2\/media\/54892"}],"wp:attachment":[{"href":"https:\/\/portalnewsgta.com.br\/index.php\/wp-json\/wp\/v2\/media?parent=54891"}],"wp:term":[{"taxonomy":"category","embeddable":true,"href":"https:\/\/portalnewsgta.com.br\/index.php\/wp-json\/wp\/v2\/categories?post=54891"},{"taxonomy":"post_tag","embeddable":true,"href":"https:\/\/portalnewsgta.com.br\/index.php\/wp-json\/wp\/v2\/tags?post=54891"}],"curies":[{"name":"wp","href":"https:\/\/api.w.org\/{rel}","templated":true}]}}