{"id":54888,"date":"2025-05-21T09:20:45","date_gmt":"2025-05-21T12:20:45","guid":{"rendered":"https:\/\/portalnewsgta.com.br\/?p=54888"},"modified":"2025-05-21T09:20:45","modified_gmt":"2025-05-21T12:20:45","slug":"alta-floresta-desfile-civico-destaca-realizacoes-da-administracao-municipal-e-o-importante-trabalho-das-entidades","status":"publish","type":"post","link":"https:\/\/portalnewsgta.com.br\/index.php\/2025\/05\/21\/alta-floresta-desfile-civico-destaca-realizacoes-da-administracao-municipal-e-o-importante-trabalho-das-entidades\/","title":{"rendered":"Alta Floresta: Desfile C\u00edvico destaca realiza\u00e7\u00f5es da Administra\u00e7\u00e3o Municipal e o importante trabalho das entidades"},"content":{"rendered":"<div class=\"td_block_wrap tdb_single_featured_image tdi_53 tdb-content-horiz-left td-pb-border-top td_block_template_1\" data-td-block-uid=\"tdi_53\">\n<div class=\"tdb-block-inner td-fix-index\">\n<figure><figcaption class=\"tdb-caption-text\">Autor da Foto: Fabio Bonadeu<\/figcaption><\/figure>\n<\/div>\n<\/div>\n<div class=\"td_block_wrap tdb_single_content tdi_54 td-pb-border-top td_block_template_1 td-post-content tagdiv-type\" data-td-block-uid=\"tdi_54\">\n<div class=\"tdb-block-inner td-fix-index\">\n<p>Milhares de pessoas prestigiaram o tradicional Desfile C\u00edvico realizado na Avenida Ludovico da Riva Neto, seguido pelo j\u00e1 conhecido bolo de anivers\u00e1rio. O evento contou com a participa\u00e7\u00e3o de mais de 50 grupos, entre escolas, associa\u00e7\u00f5es, entidades, clubes de servi\u00e7o, entre outros.<\/p>\n<p>As comemora\u00e7\u00f5es come\u00e7aram em grande estilo com o voo de um helic\u00f3ptero do Centro Integrado de Opera\u00e7\u00f5es A\u00e9reas (Ciopaer), que n\u00e3o apenas abriu o desfile, como tamb\u00e9m realizou manobras a\u00e9reas que encantaram o p\u00fablico.<\/p>\n<p>Para Margarida Jos\u00e9 dos Santos Almeida, de 65 anos, moradora de Alta Floresta h\u00e1 10 anos, o evento foi emocionante. \u201cFoi tudo muito bonito. Fiquei encantada com o helic\u00f3ptero. A gente s\u00f3 v\u00ea isso na televis\u00e3o, e ver de perto \u00e9 realmente impressionante. O desfile tamb\u00e9m foi lindo\u201d, relatou.<\/p>\n<figure id=\"attachment_95022\" class=\"wp-caption aligncenter\" aria-describedby=\"caption-attachment-95022\"><a class=\"td-modal-image\" href=\"https:\/\/noticiaexata.com.br\/wp-content\/uploads\/2025\/05\/9983.jpg\"><img loading=\"lazy\" decoding=\"async\" class=\"size-full wp-image-95022\" src=\"https:\/\/noticiaexata.com.br\/wp-content\/uploads\/2025\/05\/9983.jpg\" sizes=\"(max-width: 1152px) 100vw, 1152px\" srcset=\"https:\/\/noticiaexata.com.br\/wp-content\/uploads\/2025\/05\/9983.jpg 1152w, https:\/\/noticiaexata.com.br\/wp-content\/uploads\/2025\/05\/9983-300x200.jpg 300w, https:\/\/noticiaexata.com.br\/wp-content\/uploads\/2025\/05\/9983-1024x683.jpg 1024w, https:\/\/noticiaexata.com.br\/wp-content\/uploads\/2025\/05\/9983-768x512.jpg 768w, https:\/\/noticiaexata.com.br\/wp-content\/uploads\/2025\/05\/9983-630x420.jpg 630w, https:\/\/noticiaexata.com.br\/wp-content\/uploads\/2025\/05\/9983-150x100.jpg 150w, https:\/\/noticiaexata.com.br\/wp-content\/uploads\/2025\/05\/9983-696x464.jpg 696w, https:\/\/noticiaexata.com.br\/wp-content\/uploads\/2025\/05\/9983-1068x712.jpg 1068w\" alt=\"\" width=\"1152\" height=\"768\" \/><\/a><figcaption id=\"caption-attachment-95022\" class=\"wp-caption-text\">Autor da Foto: Fabio Bonadeu<\/figcaption><\/figure>\n<p>Na sequ\u00eancia, foi realizada a tradicional recep\u00e7\u00e3o aos pioneiros do munic\u00edpio, que foram homenageados pelo prefeito Chico Gamba, pelo vice-governador Otaviano Pivetta e pelo vice-prefeito e secret\u00e1rio de Governo, Gest\u00e3o e Planejamento, Robson Quintino.<\/p>\n<p>O desfile come\u00e7ou no fim da tarde e seguiu at\u00e9 o in\u00edcio da noite. Apesar de durar mais de duas horas, o p\u00fablico permaneceu at\u00e9 o encerramento. Durante as apresenta\u00e7\u00f5es, as entidades destacaram suas hist\u00f3rias e os servi\u00e7os que prestam \u00e0 comunidade.<\/p>\n<p>Durante o evento, o vice-governador Otaviano Pivetta reafirmou o compromisso do Governo do Estado com o munic\u00edpio. \u201cReafirmamos nossa confian\u00e7a e nosso compromisso com Alta Floresta. Vamos continuar caminhando juntos. Estamos investindo na infraestrutura do munic\u00edpio e da regi\u00e3o e daremos continuidade a esse trabalho. Alta Floresta est\u00e1 em crescimento e certamente continuar\u00e1 nesse caminho\u201d, afirmou.<\/p>\n<figure id=\"attachment_95023\" class=\"wp-caption aligncenter\" aria-describedby=\"caption-attachment-95023\"><a class=\"td-modal-image\" href=\"https:\/\/noticiaexata.com.br\/wp-content\/uploads\/2025\/05\/9953.jpg\"><img loading=\"lazy\" decoding=\"async\" class=\"size-full wp-image-95023\" src=\"https:\/\/noticiaexata.com.br\/wp-content\/uploads\/2025\/05\/9953.jpg\" sizes=\"(max-width: 1152px) 100vw, 1152px\" srcset=\"https:\/\/noticiaexata.com.br\/wp-content\/uploads\/2025\/05\/9953.jpg 1152w, https:\/\/noticiaexata.com.br\/wp-content\/uploads\/2025\/05\/9953-300x200.jpg 300w, https:\/\/noticiaexata.com.br\/wp-content\/uploads\/2025\/05\/9953-1024x683.jpg 1024w, https:\/\/noticiaexata.com.br\/wp-content\/uploads\/2025\/05\/9953-768x512.jpg 768w, https:\/\/noticiaexata.com.br\/wp-content\/uploads\/2025\/05\/9953-630x420.jpg 630w, https:\/\/noticiaexata.com.br\/wp-content\/uploads\/2025\/05\/9953-150x100.jpg 150w, https:\/\/noticiaexata.com.br\/wp-content\/uploads\/2025\/05\/9953-696x464.jpg 696w, https:\/\/noticiaexata.com.br\/wp-content\/uploads\/2025\/05\/9953-1068x712.jpg 1068w\" alt=\"\" width=\"1152\" height=\"768\" \/><\/a><figcaption id=\"caption-attachment-95023\" class=\"wp-caption-text\">Autor da Foto: Fabio Bonadeu<\/figcaption><\/figure>\n<p>O atual momento econ\u00f4mico de Alta Floresta refor\u00e7a a fala do vice-governador e tamb\u00e9m p\u00f4de ser observado ao longo do desfile, com as entidades e associa\u00e7\u00f5es evidenciando o desenvolvimento do agroneg\u00f3cio e o protagonismo do homem do campo.<\/p>\n<p>As homenagens ao munic\u00edpio tamb\u00e9m destacaram conquistas e a\u00e7\u00f5es da Administra\u00e7\u00e3o Municipal e nossa hist\u00f3ria, como a Pra\u00e7a da Cultura, o projeto \u201cNatal Eu Amo e Cuido de Alta Floresta\u201d, o \u201cArrai\u00e1 da Floresta\u201d, entre outros. A expressiva presen\u00e7a de fam\u00edlias no desfile foi outro ponto marcante da celebra\u00e7\u00e3o.<\/p>\n<p>Para o prefeito Chico Gamba, o munic\u00edpio tem muito a comemorar, n\u00e3o apenas pelos 49 anos de funda\u00e7\u00e3o, mas tamb\u00e9m pelo reconhecimento das autoridades e pelo esfor\u00e7o da popula\u00e7\u00e3o. \u201cEstamos fazendo uma gest\u00e3o s\u00e9ria e comprometida com o dinheiro p\u00fablico. A fala do vice-governador demonstra o reconhecimento do Governo do Estado. Quando Estado e Munic\u00edpio caminham juntos, quem ganha \u00e9 o povo. E o povo est\u00e1 fazendo sua parte, por isso estamos crescendo. Todos est\u00e3o unidos por Alta Floresta\u201d, destacou.<\/p>\n<p>Al\u00e9m do vice-governador Otaviano Pivetta, prestigiaram o evento o secret\u00e1rio-chefe da Casa Civil, F\u00e1bio Garcia; os deputados estaduais Beto Dois a Um, Dilmar Dal Bosco e Nininho, representantes do Dep. Catani e da Dep. Fed. Cel. Fernanda; o secret\u00e1rio de Estado de Educa\u00e7\u00e3o, Alan Porto; secret\u00e1rios municipais, vereadores e autoridades militares.<\/p>\n<\/div>\n<\/div>\n","protected":false},"excerpt":{"rendered":"<p>Autor da Foto: Fabio Bonadeu Milhares de pessoas prestigiaram o tradicional Desfile C\u00edvico realizado na<\/p>\n","protected":false},"author":2,"featured_media":54889,"comment_status":"open","ping_status":"open","sticky":false,"template":"","format":"standard","meta":{"footnotes":""},"categories":[7,13],"tags":[],"aioseo_notices":[],"_links":{"self":[{"href":"https:\/\/portalnewsgta.com.br\/index.php\/wp-json\/wp\/v2\/posts\/54888"}],"collection":[{"href":"https:\/\/portalnewsgta.com.br\/index.php\/wp-json\/wp\/v2\/posts"}],"about":[{"href":"https:\/\/portalnewsgta.com.br\/index.php\/wp-json\/wp\/v2\/types\/post"}],"author":[{"embeddable":true,"href":"https:\/\/portalnewsgta.com.br\/index.php\/wp-json\/wp\/v2\/users\/2"}],"replies":[{"embeddable":true,"href":"https:\/\/portalnewsgta.com.br\/index.php\/wp-json\/wp\/v2\/comments?post=54888"}],"version-history":[{"count":1,"href":"https:\/\/portalnewsgta.com.br\/index.php\/wp-json\/wp\/v2\/posts\/54888\/revisions"}],"predecessor-version":[{"id":54890,"href":"https:\/\/portalnewsgta.com.br\/index.php\/wp-json\/wp\/v2\/posts\/54888\/revisions\/54890"}],"wp:featuredmedia":[{"embeddable":true,"href":"https:\/\/portalnewsgta.com.br\/index.php\/wp-json\/wp\/v2\/media\/54889"}],"wp:attachment":[{"href":"https:\/\/portalnewsgta.com.br\/index.php\/wp-json\/wp\/v2\/media?parent=54888"}],"wp:term":[{"taxonomy":"category","embeddable":true,"href":"https:\/\/portalnewsgta.com.br\/index.php\/wp-json\/wp\/v2\/categories?post=54888"},{"taxonomy":"post_tag","embeddable":true,"href":"https:\/\/portalnewsgta.com.br\/index.php\/wp-json\/wp\/v2\/tags?post=54888"}],"curies":[{"name":"wp","href":"https:\/\/api.w.org\/{rel}","templated":true}]}}