{"id":54882,"date":"2025-05-21T09:17:42","date_gmt":"2025-05-21T12:17:42","guid":{"rendered":"https:\/\/portalnewsgta.com.br\/?p=54882"},"modified":"2025-05-21T09:17:42","modified_gmt":"2025-05-21T12:17:42","slug":"lula-anuncia-credito-para-reforma-de-casas-em-marcha-dos-prefeitos-entenda","status":"publish","type":"post","link":"https:\/\/portalnewsgta.com.br\/index.php\/2025\/05\/21\/lula-anuncia-credito-para-reforma-de-casas-em-marcha-dos-prefeitos-entenda\/","title":{"rendered":"Lula anuncia cr\u00e9dito para reforma de casas em Marcha dos Prefeitos; entenda"},"content":{"rendered":"<p>Ricardo Stuckert \/ PR<\/p>\n<div class=\"col-xs-12 col-sm-12 col-md-12 col-lg-12 mb30\"><span class=\"img-conteudo pull-left\"><a href=\"https:\/\/www.gazetadigital.com.br\/storage\/webdisco\/2025\/05\/20\/1200x900\/c7cfef07245fe686f62300340113a495.jpg\" data-fancybox=\"gallery\" data-caption=\"Ricardo Stuckert \/ PR\"><img decoding=\"async\" src=\"https:\/\/www.gazetadigital.com.br\/storage\/webdisco\/2025\/05\/20\/431x285\/c7cfef07245fe686f62300340113a495.jpg\" alt=\"Ricardo Stuckert \/ PR\" \/><\/a><\/span><\/p>\n<p class=\"img-conteudo-desc\">\n<p><img decoding=\"async\" class=\"pull-left img-responsive\" src=\"https:\/\/www.gazetadigital.com.br\/storage\/webdisco\/2018\/09\/11\/120x80\/f304b94f4631171ec9b90cb3819249b2.jpg\" alt=\"\" \/><\/p>\n<div id=\"text-content\" class=\"mb20\">\n<p>O presidente Luiz In\u00e1cio Lula da Silva disse nesta ter\u00e7a-feira (20) que vai lan\u00e7ar um programa de cr\u00e9dito para reformas de casas. A declara\u00e7\u00e3o foi dada na abertura da Marcha dos Prefeitos, em Bras\u00edlia (DF), ao comentar o d\u00e9ficit de moradias no Brasil.<\/p>\n<p>&nbsp;<\/p>\n<p>\u201cVamos anunciar um outro programa, diferente do Minha Casa, Minha Vida, que \u00e9 uma pol\u00edtica de cr\u00e9dito para reforma de casas. O cidad\u00e3o que quiser reformar a sua casa, fazer uma garagem, um quarto, um banheiro, ter\u00e1 direito a um cr\u00e9dito com juros mais barato poss\u00edvel. A gente vai dar chance da pessoa ter uma casinha\u201d, explicou.<\/p>\n<p>&nbsp;<\/p>\n<p>Segundo Lula, a medida ser\u00e1 uma alternativa para quem n\u00e3o tem interesse em adquirir algum im\u00f3vel do Minha Casa, Minha Vida. \u201cEstava vendo que o Brasil tem um d\u00e9ficit de sete milh\u00f5es de casas. Eu sou o presidente da Rep\u00fablica que mais fiz casas nesse pa\u00eds, mas alguma coisa est\u00e1 errada [porque o d\u00e9ficit continua alto]\u201d, disse.<\/p>\n<p>&nbsp;<\/p>\n<p><strong>Marcha dos Prefeitos<\/strong><br \/>\nEsta \u00e9 a 26\u00aa edi\u00e7\u00e3o do evento, organizado pela CNM (Confedera\u00e7\u00e3o Nacional de Munic\u00edpios) e que re\u00fane, tradicionalmente, prefeitos, vereadores, secret\u00e1rios e demais gestores municipais. Com estimativa de rombo de R$ 540 bilh\u00f5es nas contas p\u00fablicas das cidades, as autoridades v\u00eam \u00e0 capital federal defender a renegocia\u00e7\u00e3o de d\u00edvidas dos munic\u00edpios e buscar novos investimentos.<\/p>\n<p>&nbsp;<\/p>\n<p>Os presidentes do Senado e da C\u00e2mara, Davi Alcolumbre (Uni\u00e3o-AP) e Hugo Motta (Republicanos-PB), respectivamente, tamb\u00e9m estiveram na abertura do encontro, que pretende debater, ainda, temas como seguran\u00e7a p\u00fablica, sa\u00fade e educa\u00e7\u00e3o. Al\u00e9m deles, ministros de Lula e parlamentares federais tamb\u00e9m participaram do evento.<\/p>\n<p>&nbsp;<\/p>\n<p>A principal demanda pol\u00edtica da edi\u00e7\u00e3o deste ano \u00e9 a renegocia\u00e7\u00e3o de d\u00edvidas de munic\u00edpios com a Uni\u00e3o. Prefeitos defendem a proposta para ampliar o prazo de quita\u00e7\u00e3o de d\u00e9bitos com a previd\u00eancia para 25 anos, indicado na PEC (proposta de emenda \u00e0 Constitui\u00e7\u00e3o) 66, que est\u00e1 em an\u00e1lise no Congresso Nacional.<\/p>\n<p>&nbsp;<\/p>\n<p>\u201cD\u00e1 um impacto de quase R$ 700 bilh\u00f5es, porque envolve precat\u00f3rios, d\u00edvidas do regime geral, fundos agora flexibilizados\u201d, afirma o presidente da CNM, Paulo Ziulkoski.<\/p>\n<p>&nbsp;<\/p>\n<p>Segundo ele, o grupo busca negocia\u00e7\u00f5es para a proposta nos pr\u00f3ximos dias, em conversas com parlamentares e integrantes do governo Lula. A demanda \u00e9 priorit\u00e1ria para o ano e poder\u00e1 trazer prefeitos novamente a Bras\u00edlia, caso seja necess\u00e1rio.<\/p>\n<p>&nbsp;<\/p>\n<p>Outro destaque da edi\u00e7\u00e3o deste ano \u00e9 a forma\u00e7\u00e3o do Comit\u00ea Gestor do IBS (Imposto sobre Bens e Servi\u00e7os), criado na reforma tribut\u00e1ria. Munic\u00edpios defendem que haja uma elei\u00e7\u00e3o para composi\u00e7\u00e3o do grupo que vai definir regras para o novo imposto.<\/p>\n<p>&nbsp;<\/p>\n<p>Em outras frentes, prefeitos defendem a cria\u00e7\u00e3o de um fundo com recursos que v\u00e3o al\u00e9m de emendas parlamentares, al\u00e9m de uma garantia de valores para cidades que n\u00e3o sejam beneficiadas com o envio de recursos por deputados e senadores.<\/p>\n<p>&nbsp;<\/p>\n<p><strong>Impacto financeiro<\/strong><br \/>\nO preju\u00edzo de R$ 540 bilh\u00f5es nos cofres dos munic\u00edpios calculado pela CNM considera valores retroativos ainda n\u00e3o compensados a cidades e a estimativa de perdas em 2025.<\/p>\n<p>&nbsp;<\/p>\n<p>Os valores consideram gastos de munic\u00edpios que n\u00e3o foram atualizados pelo governo, como a compensa\u00e7\u00e3o de pisos salariais e atendimentos sociais relacionados ao Bolsa Fam\u00edlia.<\/p>\n<p>&nbsp;<\/p>\n<p>\u201cO resultado desse cen\u00e1rio se v\u00ea no d\u00e9ficit prim\u00e1rio dos munic\u00edpios, que aumentou de R$ 17 bilh\u00f5es em 2023 para R$ 33 bilh\u00f5es em 2024. A CNM analisa que a crescente rigidez or\u00e7ament\u00e1ria, impulsionada por vincula\u00e7\u00f5es legais e constitucionais, contribui significativamente para essa deteriora\u00e7\u00e3o fiscal\u201d, diz trecho de nota divulgada pela confedera\u00e7\u00e3o.<\/p>\n<\/div>\n<\/div>\n","protected":false},"excerpt":{"rendered":"<p>Ricardo Stuckert \/ PR O presidente Luiz In\u00e1cio Lula da Silva disse nesta ter\u00e7a-feira (20)<\/p>\n","protected":false},"author":2,"featured_media":54883,"comment_status":"open","ping_status":"open","sticky":false,"template":"","format":"standard","meta":{"footnotes":""},"categories":[13,2],"tags":[1124],"aioseo_notices":[],"_links":{"self":[{"href":"https:\/\/portalnewsgta.com.br\/index.php\/wp-json\/wp\/v2\/posts\/54882"}],"collection":[{"href":"https:\/\/portalnewsgta.com.br\/index.php\/wp-json\/wp\/v2\/posts"}],"about":[{"href":"https:\/\/portalnewsgta.com.br\/index.php\/wp-json\/wp\/v2\/types\/post"}],"author":[{"embeddable":true,"href":"https:\/\/portalnewsgta.com.br\/index.php\/wp-json\/wp\/v2\/users\/2"}],"replies":[{"embeddable":true,"href":"https:\/\/portalnewsgta.com.br\/index.php\/wp-json\/wp\/v2\/comments?post=54882"}],"version-history":[{"count":1,"href":"https:\/\/portalnewsgta.com.br\/index.php\/wp-json\/wp\/v2\/posts\/54882\/revisions"}],"predecessor-version":[{"id":54884,"href":"https:\/\/portalnewsgta.com.br\/index.php\/wp-json\/wp\/v2\/posts\/54882\/revisions\/54884"}],"wp:featuredmedia":[{"embeddable":true,"href":"https:\/\/portalnewsgta.com.br\/index.php\/wp-json\/wp\/v2\/media\/54883"}],"wp:attachment":[{"href":"https:\/\/portalnewsgta.com.br\/index.php\/wp-json\/wp\/v2\/media?parent=54882"}],"wp:term":[{"taxonomy":"category","embeddable":true,"href":"https:\/\/portalnewsgta.com.br\/index.php\/wp-json\/wp\/v2\/categories?post=54882"},{"taxonomy":"post_tag","embeddable":true,"href":"https:\/\/portalnewsgta.com.br\/index.php\/wp-json\/wp\/v2\/tags?post=54882"}],"curies":[{"name":"wp","href":"https:\/\/api.w.org\/{rel}","templated":true}]}}