{"id":54818,"date":"2025-05-20T09:32:31","date_gmt":"2025-05-20T12:32:31","guid":{"rendered":"https:\/\/portalnewsgta.com.br\/?p=54818"},"modified":"2025-05-20T09:32:31","modified_gmt":"2025-05-20T12:32:31","slug":"max-quer-levar-fabio-garcia-ao-podemos-seria-o-melhor-caminho-para-ele","status":"publish","type":"post","link":"https:\/\/portalnewsgta.com.br\/index.php\/2025\/05\/20\/max-quer-levar-fabio-garcia-ao-podemos-seria-o-melhor-caminho-para-ele\/","title":{"rendered":"Max quer levar F\u00e1bio Garcia ao Podemos; &#8216;seria o melhor caminho para ele&#8217;"},"content":{"rendered":"<div class=\"col-xs-12 col-sm-12 col-md-12 col-lg-12 mb10\">\n<div class=\"row\">\n<div class=\"col-xs-12 col-sm-12 col-md-12 col-lg-12 mb15\">\n<div class=\"row\">\n<div class=\"col-xs-12 col-sm-11 col-md-11 col-lg-11 autorer\"><span class=\"autores_fontes_nome\">Fred Moraes<\/span><\/p>\n<p class=\"autores_fontes_email\">fred.moraes@gazetadigital.com.br<\/p>\n<\/div>\n<\/div>\n<\/div>\n<\/div>\n<\/div>\n<div class=\"col-xs-12 col-sm-12 col-md-12 col-lg-12 mb30\">\n<p class=\"credito-1\">Montagem<\/p>\n<p><span class=\"img-conteudo pull-left\"><a href=\"https:\/\/www.gazetadigital.com.br\/storage\/webdisco\/2025\/05\/19\/1200x900\/ccb3098f1b9b1cebade9f6d761a325e5.jpg\" data-fancybox=\"gallery\" data-caption=\"Montagem\"><img decoding=\"async\" src=\"https:\/\/www.gazetadigital.com.br\/storage\/webdisco\/2025\/05\/19\/431x285\/ccb3098f1b9b1cebade9f6d761a325e5.jpg\" alt=\"Montagem\" \/><\/a><\/span><\/p>\n<p class=\"img-conteudo-desc\">\n<div id=\"text-content\" class=\"mb20\">\n<p>O deputado estadual Max Russi (PSB), j\u00e1 est\u00e1 articulando convites para nomes da pol\u00edtica mato-grossense visando as elei\u00e7\u00f5es de 2026. Partindo para o Podemos a partir de mar\u00e7o do pr\u00f3ximo ano, Russi revelou que j\u00e1 articula a filia\u00e7\u00e3o do secret\u00e1rio-chefe da Casa Civil, F\u00e1bio Garcia (Uni\u00e3o Brasil) e a do deputado federal Juarez Costa (MDB).<\/p>\n<p>Em entrevista \u00e0 R\u00e1dio Cultura FM, Russi anunciou que existe um movimento interno j\u00e1 pr\u00e9-estabelecida para que ele presida o partido e fique respons\u00e1vel pela forma\u00e7\u00e3o de chapas a estadual e federal, por isso j\u00e1 disparou convites a nomes que em sua opini\u00e3o possuem protagonismo eleitoral, aumentando a representatividade do partido.<\/p>\n<p>&nbsp;<\/p>\n<p>Conforme o deputado, F\u00e1bio Garcia ainda est\u00e1 \u2018namorando\u2019 o partido, sem nenhuma defini\u00e7\u00e3o, mas Juarez Costa caminha para os \u2018finalmente\u2019.<\/p>\n<p>\u201cO Juarez est\u00e1 migrando do MDB para Podemos, est\u00e1 muito bem concretizada em Bras\u00edlia. O F\u00e1bio Garcia ainda est\u00e1 em um namoro forte, acredito muito na converg\u00eancia, e se ele for candidato a deputado federal, vejo como l\u00f3gica o caminho dele dentro do podemos. Fiz o convite, mas ainda depende dele conversar com os companheiros dele\u201d, explicou Max.<\/p>\n<p>Segundo o parlamentar, para F\u00e1bio Garcia a melhor constru\u00e7\u00e3o visando reelei\u00e7\u00e3o de deputado federal seria o Podemos, j\u00e1 que o atual partido do pol\u00edtico, o Uni\u00e3o Brasil, \u00e9 uma sigla que se federalizou com o Progressistas, indicando o afunilamento de candidaturas.<\/p>\n<p>\u201cSeria um caminho com mais facilidade para a constru\u00e7\u00e3o da candidatura a federal. Fiz o convite, mas ainda depende dele conversar com os companheiros dele. Se eu pudesse dar um conselho, eu diria que o melhor caminho \u00e9 dentro do Podemos\u201d , conclui.<\/p>\n<p>F\u00e1bio Garcia foi eleito deputado federal em 2022, sendo o mais votado de Mato Grosso com 98.704 votos.<\/p>\n<p>&nbsp;<\/p>\n<p>Em 7 de julho de 2023, Garcia se licenciou do cargo de deputado federal, que passou a ser ocupado pela deputada Gisela Simona, primeira suplente do Uni\u00e3o Brasil. Em 10 de julho, ele assumiu o comando da Casa Civil de Mato Grosso, em substitui\u00e7\u00e3o a Mauro Carvalho, que passou a ocupar uma vaga no Senado.<\/p>\n<p>&nbsp;<\/p>\n<p>Em 19 de janeiro de 2024, Mauro Carvalho anunciou durante coletiva de imprensa no Pal\u00e1cio Paiagu\u00e1s que retornaria \u00e0 iniciativa privada e, portanto, F\u00e1bio Garcia assumiria a Casa Civil em definitivo. Tendo a continuidade de sua licen\u00e7a na C\u00e2mara dos Deputados, fazendo com que a deputada Gisela Simona continue exercendo seu mandato at\u00e9 o momento.<\/p>\n<\/div>\n<\/div>\n","protected":false},"excerpt":{"rendered":"<p>Fred Moraes fred.moraes@gazetadigital.com.br Montagem O deputado estadual Max Russi (PSB), j\u00e1 est\u00e1 articulando convites para<\/p>\n","protected":false},"author":2,"featured_media":54819,"comment_status":"open","ping_status":"open","sticky":false,"template":"","format":"standard","meta":{"footnotes":""},"categories":[13,2],"tags":[1118],"aioseo_notices":[],"_links":{"self":[{"href":"https:\/\/portalnewsgta.com.br\/index.php\/wp-json\/wp\/v2\/posts\/54818"}],"collection":[{"href":"https:\/\/portalnewsgta.com.br\/index.php\/wp-json\/wp\/v2\/posts"}],"about":[{"href":"https:\/\/portalnewsgta.com.br\/index.php\/wp-json\/wp\/v2\/types\/post"}],"author":[{"embeddable":true,"href":"https:\/\/portalnewsgta.com.br\/index.php\/wp-json\/wp\/v2\/users\/2"}],"replies":[{"embeddable":true,"href":"https:\/\/portalnewsgta.com.br\/index.php\/wp-json\/wp\/v2\/comments?post=54818"}],"version-history":[{"count":1,"href":"https:\/\/portalnewsgta.com.br\/index.php\/wp-json\/wp\/v2\/posts\/54818\/revisions"}],"predecessor-version":[{"id":54820,"href":"https:\/\/portalnewsgta.com.br\/index.php\/wp-json\/wp\/v2\/posts\/54818\/revisions\/54820"}],"wp:featuredmedia":[{"embeddable":true,"href":"https:\/\/portalnewsgta.com.br\/index.php\/wp-json\/wp\/v2\/media\/54819"}],"wp:attachment":[{"href":"https:\/\/portalnewsgta.com.br\/index.php\/wp-json\/wp\/v2\/media?parent=54818"}],"wp:term":[{"taxonomy":"category","embeddable":true,"href":"https:\/\/portalnewsgta.com.br\/index.php\/wp-json\/wp\/v2\/categories?post=54818"},{"taxonomy":"post_tag","embeddable":true,"href":"https:\/\/portalnewsgta.com.br\/index.php\/wp-json\/wp\/v2\/tags?post=54818"}],"curies":[{"name":"wp","href":"https:\/\/api.w.org\/{rel}","templated":true}]}}