{"id":54815,"date":"2025-05-20T09:31:37","date_gmt":"2025-05-20T12:31:37","guid":{"rendered":"https:\/\/portalnewsgta.com.br\/?p=54815"},"modified":"2025-05-20T09:31:37","modified_gmt":"2025-05-20T12:31:37","slug":"abilio-fala-em-apoio-de-bolsonaro-a-odilio-e-nao-acredita-que-empresario-filiara-ao-novo","status":"publish","type":"post","link":"https:\/\/portalnewsgta.com.br\/index.php\/2025\/05\/20\/abilio-fala-em-apoio-de-bolsonaro-a-odilio-e-nao-acredita-que-empresario-filiara-ao-novo\/","title":{"rendered":"Abilio fala em apoio de Bolsonaro a Odilio e n\u00e3o acredita que empres\u00e1rio filiar\u00e1 ao Novo"},"content":{"rendered":"<div class=\"col-xs-12 col-sm-12 col-md-12 col-lg-12 mb10\">\n<div class=\"row\">\n<div class=\"col-xs-12 col-sm-12 col-md-12 col-lg-12 mb15\">\n<div class=\"row\">\n<div class=\"col-xs-12 col-sm-11 col-md-11 col-lg-11 autorer\"><span class=\"autores_fontes_nome\">Fred Moraes<\/span><\/p>\n<p class=\"autores_fontes_email\">fred.moraes@gazetadigital.com.br<\/p>\n<\/div>\n<\/div>\n<\/div>\n<\/div>\n<\/div>\n<div class=\"col-xs-12 col-sm-12 col-md-12 col-lg-12 mb30\">\n<p class=\"credito-1\">Divulga\u00e7\u00e3o<\/p>\n<p><span class=\"img-conteudo pull-left\"><a href=\"https:\/\/www.gazetadigital.com.br\/storage\/webdisco\/2021\/11\/23\/1200x900\/7a645a08e3c377add22b8c8f0b4ef4ad.jpg\" data-fancybox=\"gallery\" data-caption=\"Divulga\u00e7\u00e3o\"><img decoding=\"async\" src=\"https:\/\/www.gazetadigital.com.br\/storage\/webdisco\/2021\/11\/23\/431x285\/7a645a08e3c377add22b8c8f0b4ef4ad.jpg\" alt=\"Divulga\u00e7\u00e3o\" \/><\/a><\/span><\/p>\n<p class=\"img-conteudo-desc\">\n<div id=\"text-content\" class=\"mb20\">\n<p>O prefeito de Cuiab\u00e1, Abilio Brunini (PL), acredita que o empres\u00e1rio do agroneg\u00f3cio, Odilio Balbinotti, ainda se filiar\u00e1 a sigla bolsonarista para disputar as elei\u00e7\u00f5es do ano que vem, visando o comando do Executivo Estadual. Mesmo com Balbinotti adiando sua filia\u00e7\u00e3o h\u00e1 dois meses por motivos pessoais, o prefeito bolsonarista acredita que ele se firmar\u00e1 no partido.<\/p>\n<p>Em entrevista \u00e0 imprensa, o prefeito disse que Od\u00edlio tem todos os requisitos para disputar o governo e que possui muito aprecio pelo empres\u00e1rio. No entanto, garante que qualquer escolha partid\u00e1ria que fa\u00e7a, receber\u00e1 apoio da direita, incluindo o do ex-presidente Jair Bolsonaro (PL), mas n\u00e3o cr\u00ea que Balbinotti escolha o partido Novo para estrear na vida p\u00fablica, como se tem comentado.<\/p>\n<p>&nbsp;<\/p>\n<p>\u201cOd\u00edlio \u00e9 um cara incr\u00edvel, gente boa. Se ele optar pelo PL, Novo, ou qualquer outro de direita que optar, ter\u00e1 apoio acolhedor da pessoa da direita, acredito at\u00e9 que o pr\u00f3prio Bolsonaro pode emitir apoio sim. Acho um pouco improv\u00e1vel ele ir ao partido Novo, tendo em vista o convite para vir ao PL. Ele tomando a decis\u00e3o ter\u00e1 o apoio do Bolsonaro e seguir\u00e1 seu projeto\u201d, opinou Abilio.<\/p>\n<p>&nbsp;<\/p>\n<p>Para o prefeito, ainda \u00e9 cedo tentar fazer conjunturas visando as elei\u00e7\u00f5es do pr\u00f3ximo ano, por isso Od\u00edlio postergou a filia\u00e7\u00e3o ao PL.<\/p>\n<p>&nbsp;<\/p>\n<p>\u201cOdilio tem um perfil pr\u00f3ximo do Tarc\u00edsio, um perfil que n\u00e3o \u00e9 muito do meio pol\u00edtico, \u00e9 mais parte da gest\u00e3o, parte t\u00e9cnica. Estamos t\u00e3o distante do per\u00edodo das elei\u00e7\u00f5es do ano que vem que todas as possibilidades est\u00e3o em aberto, podem surgir novos nomes. N\u00e3o acho que tenha nada decidido para 2026, em 2023 t\u00ednhamos outros nomes disputando a pr\u00e9-candidatura a prefeitura, chegou na elei\u00e7\u00e3o isso se resumiu em quatro candidatos\u201d, explica.<\/p>\n<p>Como mostrou o\u00a0<img decoding=\"async\" class=\"content-logo-thumb\" src=\"https:\/\/www.gazetadigital.com.br\/images\/logo-thumb.png\" \/>, Balbinotti pode encabe\u00e7ar a disputa ao governo do Estado em 2026 pelo Partido Novo. Al\u00e9m disso, a candidatura contaria na composi\u00e7\u00e3o da chapa o secret\u00e1rio de Obras e Servi\u00e7os P\u00fablicos de Cuiab\u00e1, Reginaldo Teixeira, como candidato a deputado estadual, e o ex-ministro do Meio Ambiente do governo Bolsonaro, Ricardo Salles, para concorrer ao Senado Federal por Mato Grosso.<\/p>\n<p>Balbinotti teria recebido o recebeu o convite formal para se filiar ao Novo durante encontro com o presidente estadual da legenda, S\u00e9rgio Antunes, em Rondon\u00f3polis (214 km de Cuiab\u00e1).<\/p>\n<\/div>\n<\/div>\n","protected":false},"excerpt":{"rendered":"<p>Fred Moraes fred.moraes@gazetadigital.com.br Divulga\u00e7\u00e3o O prefeito de Cuiab\u00e1, Abilio Brunini (PL), acredita que o empres\u00e1rio<\/p>\n","protected":false},"author":2,"featured_media":54816,"comment_status":"open","ping_status":"open","sticky":false,"template":"","format":"standard","meta":{"footnotes":""},"categories":[13,2],"tags":[],"aioseo_notices":[],"_links":{"self":[{"href":"https:\/\/portalnewsgta.com.br\/index.php\/wp-json\/wp\/v2\/posts\/54815"}],"collection":[{"href":"https:\/\/portalnewsgta.com.br\/index.php\/wp-json\/wp\/v2\/posts"}],"about":[{"href":"https:\/\/portalnewsgta.com.br\/index.php\/wp-json\/wp\/v2\/types\/post"}],"author":[{"embeddable":true,"href":"https:\/\/portalnewsgta.com.br\/index.php\/wp-json\/wp\/v2\/users\/2"}],"replies":[{"embeddable":true,"href":"https:\/\/portalnewsgta.com.br\/index.php\/wp-json\/wp\/v2\/comments?post=54815"}],"version-history":[{"count":1,"href":"https:\/\/portalnewsgta.com.br\/index.php\/wp-json\/wp\/v2\/posts\/54815\/revisions"}],"predecessor-version":[{"id":54817,"href":"https:\/\/portalnewsgta.com.br\/index.php\/wp-json\/wp\/v2\/posts\/54815\/revisions\/54817"}],"wp:featuredmedia":[{"embeddable":true,"href":"https:\/\/portalnewsgta.com.br\/index.php\/wp-json\/wp\/v2\/media\/54816"}],"wp:attachment":[{"href":"https:\/\/portalnewsgta.com.br\/index.php\/wp-json\/wp\/v2\/media?parent=54815"}],"wp:term":[{"taxonomy":"category","embeddable":true,"href":"https:\/\/portalnewsgta.com.br\/index.php\/wp-json\/wp\/v2\/categories?post=54815"},{"taxonomy":"post_tag","embeddable":true,"href":"https:\/\/portalnewsgta.com.br\/index.php\/wp-json\/wp\/v2\/tags?post=54815"}],"curies":[{"name":"wp","href":"https:\/\/api.w.org\/{rel}","templated":true}]}}