{"id":54812,"date":"2025-05-20T09:28:04","date_gmt":"2025-05-20T12:28:04","guid":{"rendered":"https:\/\/portalnewsgta.com.br\/?p=54812"},"modified":"2025-05-20T09:28:04","modified_gmt":"2025-05-20T12:28:04","slug":"bolsonaro-acompanha-depoimentos-em-audiencia-de-tentativa-de-golpe","status":"publish","type":"post","link":"https:\/\/portalnewsgta.com.br\/index.php\/2025\/05\/20\/bolsonaro-acompanha-depoimentos-em-audiencia-de-tentativa-de-golpe\/","title":{"rendered":"Bolsonaro acompanha depoimentos em audi\u00eancia de tentativa de golpe"},"content":{"rendered":"<p class=\"credito-1\">Lula Marques\/Ag\u00eancia Brasil<\/p>\n<p><span class=\"img-conteudo pull-left\"><a href=\"https:\/\/www.gazetadigital.com.br\/storage\/webdisco\/2025\/05\/19\/1200x900\/cb43bf1a9c7061b6b3c5734a4d48d955.jpg\" data-fancybox=\"gallery\" data-caption=\"Lula Marques\/Ag\u00eancia Brasil\"><img decoding=\"async\" src=\"https:\/\/www.gazetadigital.com.br\/storage\/webdisco\/2025\/05\/19\/431x285\/cb43bf1a9c7061b6b3c5734a4d48d955.jpg\" alt=\"Lula Marques\/Ag\u00eancia Brasil\" \/><\/a><\/span><\/p>\n<p class=\"img-conteudo-desc\">\n<p><img decoding=\"async\" class=\"pull-left img-responsive\" src=\"https:\/\/www.gazetadigital.com.br\/storage\/webdisco\/2018\/09\/11\/120x80\/f304b94f4631171ec9b90cb3819249b2.jpg\" alt=\"\" \/><\/p>\n<div id=\"text-content\" class=\"mb20\">\n<p>O ministro do STF (Supremo Tribunal Federal) Alexandre de Moraes abriu nesta segunda-feira (19) a audi\u00eancia de depoimentos das testemunhas dos r\u00e9us do n\u00facleo 1 por tentativa de golpe de Estado, formado pelo ex-presidente Jair Bolsonaro e mais sete denunciados pela PGR (Procuradoria-Geral da Rep\u00fablica). O ministro \u00e9 o relator do caso.<\/p>\n<p>&nbsp;<\/p>\n<p>Nesta tarde, ser\u00e3o ouvidas as primeiras testemunhas de defesa e de acusa\u00e7\u00e3o indicadas pela PGR, respons\u00e1vel pelas acusa\u00e7\u00f5es contra os r\u00e9us. Os depoimentos v\u00e3o ocorrer por videoconfer\u00eancia e ser\u00e3o tomados simultaneamente para evitar a combina\u00e7\u00e3o de vers\u00f5es entre os depoentes.<\/p>\n<p>&nbsp;<\/p>\n<p>A audi\u00eancia \u00e9 acompanhada virtualmente por Bolsonaro, pelo procurador-geral da Rep\u00fablica, Paulo Gonet, e os ministros da Primeira Turma da Corte, respons\u00e1vel pelo julgamento do caso.<\/p>\n<p>&nbsp;<\/p>\n<p>O principal depoimento ser\u00e1 do general Marco Ant\u00f4nio Freire Gomes, comandante do Ex\u00e9rcito no governo de Jair Bolsonaro. Ele teria amea\u00e7ado dar voz de pris\u00e3o ao ex-presidente ap\u00f3s receber a sugest\u00e3o para que as tropas aderissem \u00e0 trama golpista.<\/p>\n<p>&nbsp;<\/p>\n<p>A audi\u00eancia \u00e9 acompanhada virtualmente por Bolsonaro, pelo procurador-geral da Rep\u00fablica, Paulo Gonet, e os ministros da Primeira Turma da Corte, respons\u00e1vel pelo julgamento do caso.<\/p>\n<p>&nbsp;<\/p>\n<p>O principal depoimento ser\u00e1 do general Marco Ant\u00f4nio Freire Gomes, comandante do Ex\u00e9rcito no governo de Jair Bolsonaro. Ele teria amea\u00e7ado dar voz de pris\u00e3o ao ex-presidente ap\u00f3s receber a sugest\u00e3o para que as tropas aderissem \u00e0 trama golpista.<\/p>\n<p>&nbsp;<\/p>\n<p>O empres\u00e1rio Eder Lindsay Magalh\u00e3es Balbino tamb\u00e9m est\u00e1 na lista de depoentes. Dono de uma empresa de tecnologia da informa\u00e7\u00e3o, ele \u00e9 acusado de ajudar o PL, partido de Bolsonaro, na produ\u00e7\u00e3o de um estudo para alegar fraudes nas urnas eletr\u00f4nicas.<\/p>\n<p>&nbsp;<\/p>\n<p>A procuradoria tamb\u00e9m indicou para testemunhar Clebson Ferreira de Paula Vieira, servidor que trabalhou no Minist\u00e9rio da Justi\u00e7a e Seguran\u00e7a P\u00fablica na gest\u00e3o de Anderson Torres. Clebson teria presenciado a solicita\u00e7\u00e3o de relat\u00f3rios de intelig\u00eancia para embasar as opera\u00e7\u00f5es da Pol\u00edcia Rodovi\u00e1ria Federal a fim de barrar o deslocamento de eleitores do Nordeste no segundo turno do pleito presidencial de 2022.<\/p>\n<p>&nbsp;<\/p>\n<p>O ex-coordenador de intelig\u00eancia da PRF Adiel Pereira Alc\u00e2ntara tamb\u00e9m vai prestar esclarecimentos.<\/p>\n<p>O governador do Distrito Federal, Ibaneis Rocha, foi indicado como testemunha de acusa\u00e7\u00e3o e de defesa do ex-ministro Anderson Torres. No entanto, a PGR desistiu de ouvi-lo. Como testemunha de defesa, o governador n\u00e3o \u00e9 obrigado a depor. A quest\u00e3o ser\u00e1 decidida ao longo da audi\u00eancia.<\/p>\n<p>&nbsp;<\/p>\n<p><strong>N\u00facleo 1<\/strong><br \/>\nOs oito r\u00e9us comp\u00f5em o chamado n\u00facleo crucial da tentativa de golpe, o n\u00facleo 1, e tiveram a den\u00fancia aceita por unanimidade pela Primeira Turma do STF em 26 de mar\u00e7o. S\u00e3o eles:<\/p>\n<p>Jair Bolsonaro, ex-presidente da Rep\u00fablica;<br \/>\nWalter Braga Netto, general de Ex\u00e9rcito, ex-ministro e candidato a vice-presidente na chapa de Bolsonaro nas elei\u00e7\u00f5es de 2022;<br \/>\nGeneral Augusto Heleno, ex-ministro do Gabinete de Seguran\u00e7a Institucional;<br \/>\nAlexandre Ramagem, ex-diretor da Abin (Ag\u00eancia Brasileira de Intelig\u00eancia);<br \/>\nAnderson Torres, ex-ministro da Justi\u00e7a e ex-secret\u00e1rio de seguran\u00e7a do Distrito Federal;<br \/>\nAlmir Garnier, ex-comandante da Marinha;<br \/>\nPaulo S\u00e9rgio Nogueira, general do Ex\u00e9rcito e ex-ministro da Defesa;<br \/>\nMauro Cid, delator e ex-ajudante de ordens de Bolsonaro.<\/p>\n<\/div>\n","protected":false},"excerpt":{"rendered":"<p>Lula Marques\/Ag\u00eancia Brasil O ministro do STF (Supremo Tribunal Federal) Alexandre de Moraes abriu nesta<\/p>\n","protected":false},"author":2,"featured_media":54813,"comment_status":"open","ping_status":"open","sticky":false,"template":"","format":"standard","meta":{"footnotes":""},"categories":[13,2],"tags":[1117],"aioseo_notices":[],"_links":{"self":[{"href":"https:\/\/portalnewsgta.com.br\/index.php\/wp-json\/wp\/v2\/posts\/54812"}],"collection":[{"href":"https:\/\/portalnewsgta.com.br\/index.php\/wp-json\/wp\/v2\/posts"}],"about":[{"href":"https:\/\/portalnewsgta.com.br\/index.php\/wp-json\/wp\/v2\/types\/post"}],"author":[{"embeddable":true,"href":"https:\/\/portalnewsgta.com.br\/index.php\/wp-json\/wp\/v2\/users\/2"}],"replies":[{"embeddable":true,"href":"https:\/\/portalnewsgta.com.br\/index.php\/wp-json\/wp\/v2\/comments?post=54812"}],"version-history":[{"count":1,"href":"https:\/\/portalnewsgta.com.br\/index.php\/wp-json\/wp\/v2\/posts\/54812\/revisions"}],"predecessor-version":[{"id":54814,"href":"https:\/\/portalnewsgta.com.br\/index.php\/wp-json\/wp\/v2\/posts\/54812\/revisions\/54814"}],"wp:featuredmedia":[{"embeddable":true,"href":"https:\/\/portalnewsgta.com.br\/index.php\/wp-json\/wp\/v2\/media\/54813"}],"wp:attachment":[{"href":"https:\/\/portalnewsgta.com.br\/index.php\/wp-json\/wp\/v2\/media?parent=54812"}],"wp:term":[{"taxonomy":"category","embeddable":true,"href":"https:\/\/portalnewsgta.com.br\/index.php\/wp-json\/wp\/v2\/categories?post=54812"},{"taxonomy":"post_tag","embeddable":true,"href":"https:\/\/portalnewsgta.com.br\/index.php\/wp-json\/wp\/v2\/tags?post=54812"}],"curies":[{"name":"wp","href":"https:\/\/api.w.org\/{rel}","templated":true}]}}