{"id":54743,"date":"2025-05-19T08:32:07","date_gmt":"2025-05-19T11:32:07","guid":{"rendered":"https:\/\/portalnewsgta.com.br\/?p=54743"},"modified":"2025-05-19T08:32:07","modified_gmt":"2025-05-19T11:32:07","slug":"bolsonaro-demonstra-resistencia-em-indicar-tarcisio-e-preocupa-partidos","status":"publish","type":"post","link":"https:\/\/portalnewsgta.com.br\/index.php\/2025\/05\/19\/bolsonaro-demonstra-resistencia-em-indicar-tarcisio-e-preocupa-partidos\/","title":{"rendered":"Bolsonaro demonstra resist\u00eancia em indicar Tarc\u00edsio e preocupa partidos"},"content":{"rendered":"<section class=\"FullLine\">\n<div class=\"conteudo\">\n<h3>Ala de aliados do ex-presidente se irrita com movimentos para colocar governador de SP na disputa ao Planalto em 2026<\/h3>\n<\/div>\n<\/section>\n<section>\n<div class=\"FullLine\">\n<div class=\"conteudo_foto\">\n<div class=\"imgcontent\">\n<p class=\"credito_foto\">Jos\u00e9 Cruz\/Ag\u00eancia Brasil<\/p>\n<p><a href=\"https:\/\/www.midianews.com.br\/\/storage\/webdisco\/2025\/05\/18\/886x590\/976244cd17431d8e0c16fdc443ad9847.jpg\" rel=\"lightbox\" data-title=\"Jair Bolsonaro e Tarc\u00edsio de Freitas; eles participaram juntos em ato pela anistia aos condenados no 8 de Janeiro \"><img loading=\"lazy\" decoding=\"async\" id=\"img_conteudo\" class=\"img-responsive\" src=\"https:\/\/www.midianews.com.br\/\/storage\/webdisco\/2025\/05\/18\/438x291\/976244cd17431d8e0c16fdc443ad9847.jpg\" alt=\"Jair Bolsonaro e Tarc\u00edsio de Freitas; eles participaram juntos em ato pela anistia aos condenados no 8 de Janeiro \" width=\"438\" height=\"292\" border=\"0\" \/><\/a><\/p>\n<p class=\"descricao_foto\">Jair Bolsonaro e Tarc\u00edsio de Freitas; eles participaram juntos em ato pela anistia aos condenados no 8 de Janeiro<\/p>\n<\/div>\n<\/div>\n<div class=\"Font14Bold\">JULIA CHAIB E MARIANNA HOLANDA<br \/>\nDA FOLHAPRESS<\/div>\n<div id=\"texto\" class=\"texto\">\n<p>Jair Bolsonaro (PL) tem demonstrado a aliados resist\u00eancia em indicar o governador de S\u00e3o Paulo, Tarc\u00edsio de Freitas (Republicanos), como sucessor ao Pal\u00e1cio do Planalto em 2026.<\/p>\n<p>&nbsp;<\/p>\n<p>Uma ala de aliados do ex-presidente tem refor\u00e7ado cr\u00edticas ao governador e, segundo interlocutores dos dois lados, isso tem contaminado Bolsonaro. H\u00e1 uma irrita\u00e7\u00e3o com movimentos para tentar emplacar o nome de Tarc\u00edsio para a corrida presidencial ou mesmo com a discuss\u00e3o sobre uma candidatura de direita agora.<\/p>\n<p>&nbsp;<\/p>\n<p>O ex-presidente se queixou a aliados de que seu ex-ministro n\u00e3o estaria demonstrando solidariedade o suficiente, segundo esses relatos. Tamb\u00e9m apontam que as pontes que o governador tem com o STF (Supremo Tribunal Federal) n\u00e3o se traduzem em al\u00edvio para o seu grupo pol\u00edtico.<\/p>\n<p>&nbsp;<\/p>\n<p>Nesse cen\u00e1rio, Bolsonaro tem sinalizado prefer\u00eancia por indicar algu\u00e9m do seu cl\u00e3. A ex-primeira-dama Michelle Bolsonaro \u00e9 hoje a mais citada\u00a0 -ainda que uma parte de seus aliados veja com desconfian\u00e7a esse cen\u00e1rio. O seu filho Eduardo (PL), ainda nos EUA, tamb\u00e9m \u00e9 apontado como poss\u00edvel sucessor.<\/p>\n<div id=\"taboola-mid-article-thumbnails\" class=\"trc_related_container tbl-trecs-container trc_spotlight_widget trc_elastic trc_elastic_alternating-thumbnails-a-mid-article\" data-placement-name=\"Mid Article Thumbnails\">\n<div class=\"trc_rbox_container\">\n<div>\n<div id=\"trc_wrapper_9729333123\" class=\"trc_rbox alternating-thumbnails-a-mid-article trc-content-hybrid\">\n<div id=\"trc_header_9729333123\" class=\"trc_rbox_header trc_rbox_border_elm\">\n<div class=\"trc_header_ext\"><\/div>\n<\/div>\n<\/div>\n<\/div>\n<\/div>\n<\/div>\n<p>&nbsp;<\/p>\n<p>Publicamente e reservadamente, o ex-presidente mant\u00e9m o discurso de que \u00e9 ele o candidato. Em entrevista \u00e0 Folha no final de mar\u00e7o, disse que registrar\u00e1 sua candidatura no TSE (Tribunal Superior Eleitoral), apesar de estar ineleg\u00edvel.<\/p>\n<p>&nbsp;<\/p>\n<p>Lideran\u00e7as de partidos de centro se dizem preocupadas com esse cen\u00e1rio em que ele insistir\u00e1 em seu nome at\u00e9 o \u00faltimo momento para possivelmente indicar algu\u00e9m de seu cl\u00e3 para a cabe\u00e7a da chapa.<\/p>\n<p>&nbsp;<\/p>\n<p>A prefer\u00eancia desses pol\u00edticos hoje \u00e9 pelo nome de Tarc\u00edsio, ainda que alguns digam que estar\u00e3o ao lado de Bolsonaro independentemente da escolha.<\/p>\n<p>&nbsp;<\/p>\n<p>Uma ala desses dirigentes de centro amea\u00e7a n\u00e3o integrar a campanha de direita em 2026 e apoiar a reelei\u00e7\u00e3o de Lula (PT) caso a op\u00e7\u00e3o seja por Eduardo ou Michelle.<\/p>\n<p>&nbsp;<\/p>\n<p>A preocupa\u00e7\u00e3o de aliados com a insist\u00eancia do ex-presidente em se colocar como candidato ao Planalto se d\u00e1 desde fevereiro deste ano, como noticiou a Folha. Por um lado, ela pode dificultar uma vit\u00f3ria da direita, por encurtar o tempo de campanha. Por outro, pode dificultar a organiza\u00e7\u00e3o das chapas nos estados.<\/p>\n<p>&nbsp;<\/p>\n<p>Havia uma expectativa de que, com o avan\u00e7o do julgamento do caso da tentativa de golpe de Estado de 2022, pudesse haver uma sinaliza\u00e7\u00e3o, ainda que nos bastidores, de que Bolsonaro pretende investir em uma outra candidatura \u2014o que n\u00e3o ocorreu.<\/p>\n<p>&nbsp;<\/p>\n<p>Para o ex-presidente, manter seu capital pol\u00edtico \u00e9 um trunfo enquanto busca se defender do que chama de persegui\u00e7\u00e3o pol\u00edtica no STF.<\/p>\n<p>&nbsp;<\/p>\n<p>O governador de S\u00e3o Paulo tem insistido que n\u00e3o tem interesse em disputar o Pal\u00e1cio do Planalto e que quer se reeleger ao Bandeirantes. Al\u00e9m disso, tem negado convites para participar de eventos em Mato Grosso, Rio Grande do Sul, Minas Gerais e outros estados.<\/p>\n<p>&nbsp;<\/p>\n<p>Por tr\u00e1s dessa postura, est\u00e1 a preocupa\u00e7\u00e3o de Tarc\u00edsio em refor\u00e7ar sua lealdade ao ex-presidente. Ele afirma que apoiar\u00e1 quem Bolsonaro escolher ao cargo.<\/p>\n<p>&nbsp;<\/p>\n<p>Seus aliados negam que haja falta de solidariedade ou estremecimento na rela\u00e7\u00e3o. Citam que o governador aceitou sem titubear ser testemunha de defesa na acusa\u00e7\u00e3o de tentativa de golpe e pediu assinaturas ao requerimento de urg\u00eancia do projeto de anistia pelo 8 de Janeiro.<\/p>\n<p>&nbsp;<\/p>\n<p>Eles dizem ainda que o entorno de Bolsonaro, que convive mais no dia a dia com ele, sempre teve cr\u00edticas ao ex-ministro de Infraestrutura, mas que isso n\u00e3o define a rela\u00e7\u00e3o entre os dois, que estaria em bons termos.<\/p>\n<p>&nbsp;<\/p>\n<p>Em 2022, antes mesmo da declara\u00e7\u00e3o de inelegibilidade, j\u00e1 havia uma ala de bolsonaristas mais pr\u00f3ximos do ex-presidente que desconfiava de Tarc\u00edsio e achava que seu plano era tentar o Planalto em 2026.<\/p>\n<p>&nbsp;<\/p>\n<p>Com a proximidade do calend\u00e1rio eleitoral e a incerteza do cen\u00e1rio, aumenta o clima de tens\u00e3o no centro e na direita. Todos permanecem em compasso de espera, aguardando Bolsonaro se definir sobre o futuro.<\/p>\n<p>&nbsp;<\/p>\n<p>H\u00e1 um entendimento geral de que uma candidatura de direita, sem o apoio do ex-presidente, n\u00e3o vai prosperar. Por outro lado, uma candidatura com apoio de Bolsonaro, mas rejei\u00e7\u00e3o no resto do mundo pol\u00edtico, deve encontrar dificuldades e corre o risco de perder para Lula (PT).<\/p>\n<p>&nbsp;<\/p>\n<p>O futuro do ex-presidente tamb\u00e9m depende de quem ele apontar como sucessor, de quem espera garantia de lealdade. Em entrevista ao UOL, cobrou governadores de direita a questionarem publicamente as decis\u00f5es que resultaram em sua inelegibilidade.<\/p>\n<p>&nbsp;<\/p>\n<p>A fala foi feita quando ele mencionou as articula\u00e7\u00f5es do ex-presidente Michel Temer (MDB) por uma candidatura \u00fanica do centro e da direita para a Presid\u00eancia.<\/p>\n<p>&nbsp;<\/p>\n<p>&#8220;N\u00e3o \u00e9 estrat\u00e9gia pol\u00edtica, vou at\u00e9 o \u00faltimo segundo [para se candidatar \u00e0 Presid\u00eancia em 2026]. Michel Temer at\u00e9 entrou nessa quest\u00e3o&#8230; \u00c9 direito do Michel Temer, ningu\u00e9m que entrou na politica esquece&#8230; Mas gostaria, n\u00e3o posso obrigar, que os governadores falassem: &#8216;Bolsonaro est\u00e1 ineleg\u00edvel por qu\u00ea? Essas acusa\u00e7\u00f5es valem?&#8221;, afirmou.<\/p>\n<\/div>\n<\/div>\n<\/section>\n","protected":false},"excerpt":{"rendered":"<p>Ala de aliados do ex-presidente se irrita com movimentos para colocar governador de SP na<\/p>\n","protected":false},"author":2,"featured_media":54744,"comment_status":"open","ping_status":"open","sticky":false,"template":"","format":"standard","meta":{"footnotes":""},"categories":[13,2],"tags":[625],"aioseo_notices":[],"_links":{"self":[{"href":"https:\/\/portalnewsgta.com.br\/index.php\/wp-json\/wp\/v2\/posts\/54743"}],"collection":[{"href":"https:\/\/portalnewsgta.com.br\/index.php\/wp-json\/wp\/v2\/posts"}],"about":[{"href":"https:\/\/portalnewsgta.com.br\/index.php\/wp-json\/wp\/v2\/types\/post"}],"author":[{"embeddable":true,"href":"https:\/\/portalnewsgta.com.br\/index.php\/wp-json\/wp\/v2\/users\/2"}],"replies":[{"embeddable":true,"href":"https:\/\/portalnewsgta.com.br\/index.php\/wp-json\/wp\/v2\/comments?post=54743"}],"version-history":[{"count":1,"href":"https:\/\/portalnewsgta.com.br\/index.php\/wp-json\/wp\/v2\/posts\/54743\/revisions"}],"predecessor-version":[{"id":54745,"href":"https:\/\/portalnewsgta.com.br\/index.php\/wp-json\/wp\/v2\/posts\/54743\/revisions\/54745"}],"wp:featuredmedia":[{"embeddable":true,"href":"https:\/\/portalnewsgta.com.br\/index.php\/wp-json\/wp\/v2\/media\/54744"}],"wp:attachment":[{"href":"https:\/\/portalnewsgta.com.br\/index.php\/wp-json\/wp\/v2\/media?parent=54743"}],"wp:term":[{"taxonomy":"category","embeddable":true,"href":"https:\/\/portalnewsgta.com.br\/index.php\/wp-json\/wp\/v2\/categories?post=54743"},{"taxonomy":"post_tag","embeddable":true,"href":"https:\/\/portalnewsgta.com.br\/index.php\/wp-json\/wp\/v2\/tags?post=54743"}],"curies":[{"name":"wp","href":"https:\/\/api.w.org\/{rel}","templated":true}]}}