{"id":54468,"date":"2025-05-13T17:42:41","date_gmt":"2025-05-13T20:42:41","guid":{"rendered":"https:\/\/portalnewsgta.com.br\/index.php\/2025\/05\/13\/ana-maria-braga-lamenta-perda-do-bebe-de-tati-machado\/"},"modified":"2025-05-13T17:42:41","modified_gmt":"2025-05-13T20:42:41","slug":"ana-maria-braga-lamenta-perda-do-bebe-de-tati-machado","status":"publish","type":"post","link":"https:\/\/portalnewsgta.com.br\/index.php\/2025\/05\/13\/ana-maria-braga-lamenta-perda-do-bebe-de-tati-machado\/","title":{"rendered":"Ana Maria Braga lamenta perda do beb\u00ea de Tati Machado"},"content":{"rendered":"<p>S\u00c3O PAULO, SP (FOLHAPRESS) &#8211; Ana Maria Braga lamentou a perda do beb\u00ea de Tati Machado nesta ter\u00e7a-feira (13), por meio de uma publica\u00e7\u00e3o nas redes sociais.<\/p>\n<div class=\"dummyPub\">\u00a0<\/div>\n<p>&#8220;Recebi essa not\u00edcia com o cora\u00e7\u00e3o apertado. Que tristeza Que dor profunda. Voc\u00ea sabe que estou aqui, sempre. De bra\u00e7os e cora\u00e7\u00e3o abertos, para tudo que voc\u00ea precisar&#8221;, disse a apresentadora.<\/p>\n<p>Tati Machado \u00e9 apresentadora titular do programa &#8220;Mais Voc\u00ea&#8221; e tamb\u00e9m atua como substituta quando necess\u00e1rio. As duas s\u00e3o muito pr\u00f3ximas.<\/p>\n<p>&#8220;Nossa proximidade me faz sentir como se fosse da fam\u00edlia -um pouco m\u00e3e, um pouco av\u00f3-, e \u00e9 imposs\u00edvel n\u00e3o compartilhar essa dor com voc\u00ea&#8221;, contou Ana Maria.<\/p>\n<p>A apresentadora prosseguiu: &#8220;Toda mulher que j\u00e1 sonhou, que j\u00e1 esperou, vai sentir junto com voc\u00ea esse luto silencioso, essa perda que n\u00e3o se explica&#8221;. &#8220;Mas, minha menina Deus s\u00f3 coloca no nosso caminho aquilo que, de algum jeito, a gente pode atravessar&#8221;, afirmou. &#8220;Voc\u00ea \u00e9 forte, \u00e9 luz, \u00e9 amor. E esse amor continua, mesmo na aus\u00eancia.&#8221;<\/p>\n<p>A perda do beb\u00ea foi confirmada pela assessoria de Tati Machado por meio de seus stories e confirmada pelo F5. Ela estava com 33 semanas de gesta\u00e7\u00e3o.<\/p>\n<p>Leia Tamb\u00e9m: <a href=\"https:\/\/www.noticiasaominuto.com.br\/fama\/2283330\/tati-machado-perde-bebe-com-33-semanas-de-gestacao\" target=\"_blank\" rel=\"noopener\">Tati Machado perde beb\u00ea com 33 semanas de gesta\u00e7\u00e3o<\/a><\/p>\n<p>Fonte: noticiasaominuto.com.br<\/p>\n","protected":false},"excerpt":{"rendered":"<p>S\u00c3O PAULO, SP (FOLHAPRESS) &#8211; Ana Maria Braga lamentou a perda do beb\u00ea de Tati<\/p>\n","protected":false},"author":0,"featured_media":54469,"comment_status":"open","ping_status":"open","sticky":false,"template":"","format":"standard","meta":{"footnotes":""},"categories":[6],"tags":[],"aioseo_notices":[],"_links":{"self":[{"href":"https:\/\/portalnewsgta.com.br\/index.php\/wp-json\/wp\/v2\/posts\/54468"}],"collection":[{"href":"https:\/\/portalnewsgta.com.br\/index.php\/wp-json\/wp\/v2\/posts"}],"about":[{"href":"https:\/\/portalnewsgta.com.br\/index.php\/wp-json\/wp\/v2\/types\/post"}],"replies":[{"embeddable":true,"href":"https:\/\/portalnewsgta.com.br\/index.php\/wp-json\/wp\/v2\/comments?post=54468"}],"version-history":[{"count":0,"href":"https:\/\/portalnewsgta.com.br\/index.php\/wp-json\/wp\/v2\/posts\/54468\/revisions"}],"wp:featuredmedia":[{"embeddable":true,"href":"https:\/\/portalnewsgta.com.br\/index.php\/wp-json\/wp\/v2\/media\/54469"}],"wp:attachment":[{"href":"https:\/\/portalnewsgta.com.br\/index.php\/wp-json\/wp\/v2\/media?parent=54468"}],"wp:term":[{"taxonomy":"category","embeddable":true,"href":"https:\/\/portalnewsgta.com.br\/index.php\/wp-json\/wp\/v2\/categories?post=54468"},{"taxonomy":"post_tag","embeddable":true,"href":"https:\/\/portalnewsgta.com.br\/index.php\/wp-json\/wp\/v2\/tags?post=54468"}],"curies":[{"name":"wp","href":"https:\/\/api.w.org\/{rel}","templated":true}]}}