{"id":54429,"date":"2025-05-13T08:50:04","date_gmt":"2025-05-13T11:50:04","guid":{"rendered":"https:\/\/portalnewsgta.com.br\/?p=54429"},"modified":"2025-05-13T08:50:04","modified_gmt":"2025-05-13T11:50:04","slug":"25a-costelao-reuniu-milhares-de-pessoas-em-nova-canaa-do-norte","status":"publish","type":"post","link":"https:\/\/portalnewsgta.com.br\/index.php\/2025\/05\/13\/25a-costelao-reuniu-milhares-de-pessoas-em-nova-canaa-do-norte\/","title":{"rendered":"25\u00aa Costel\u00e3o reuniu milhares de pessoas em Nova Cana\u00e3 do Norte"},"content":{"rendered":"<p>Por: Angela Foga\u00e7a\/Nort\u00e3o Online<\/p>\n<figure class=\"mb-2\" data-v-71457620=\"\"><figcaption class=\"text-body-2 font-weight-bold grey--text text--darken-2\" data-v-71457620=\"\">Foto por: Assessoria<\/figcaption><\/figure>\n<div class=\"ck-content font-weight-medium mb-4\" data-v-71457620=\"\">\n<p>O final de semana foi agitado em Nova Cana\u00e3 do Norte com as festividades do anivers\u00e1rio do munic\u00edpio.<\/p>\n<p>Nova Cana\u00e3 do Norte completa 39 anos de emancipa\u00e7\u00e3o pol\u00edtica nesta ter\u00e7a-feira (13) e as festividades come\u00e7aram uma semana antes com celebra\u00e7\u00f5es evang\u00e9lica e cat\u00f3lica.<\/p>\n<p>No s\u00e1bado, shows nacionais atra\u00edram grande p\u00fablico da cidade e de munic\u00edpios vizinhos. O palco da Pra\u00e7a Central recebeu as duplas Jo\u00e3o Neto &amp; Frederico e VH &amp; Alexandre. O deputado Beto Dois a Um estava presente.<\/p>\n<figure class=\"image\"><img decoding=\"async\" src=\"https:\/\/admin.nortaoonline.com\/upload\/9\/33847\/6821f1e2945324a0db.jpg\" \/><\/figure>\n<p>No domingo, o tradicional Costel\u00e3o, no Parque de Exposi\u00e7\u00e3o Senador Jonas Pinheiro, atraiu milhares de pessoas.<\/p>\n<p>Os deputados F\u00e1bio Garcia e Max Russi, presidente da Assembleia Legislativa, se fizeram presentes, assim como prefeitos da regi\u00e3o e diversas autoridades.<\/p>\n<figure class=\"image\"><img decoding=\"async\" src=\"https:\/\/admin.nortaoonline.com\/upload\/9\/33847\/6821f21f518e43414e.jpg\" \/><\/figure>\n<figure class=\"image\"><img decoding=\"async\" src=\"https:\/\/admin.nortaoonline.com\/upload\/9\/33847\/6821f21e0471154649.jpg\" \/><\/figure>\n<p>O prefeito Vinicius Oliveira destacou que o Costel\u00e3o encerrou com chave de ouro as comemora\u00e7\u00f5es do 39\u00ba anivers\u00e1rio do munic\u00edpio. Todas as nossas expectativas foram superadas, nosso muito obrigado a todos que prestigiaram a 25\u00aa Festa do Costel\u00e3o. Ano que vem tem mais\u201d, afirmou ele.<\/p>\n<p>Al\u00e9m do delicioso costel\u00e3o, o evento contou com show nacional da dupla sertaneja Breno Reis &amp; Marco Viola, que animaram ao p\u00fablico com sucessos como \u201cPode Voltar Paix\u00e3o\u201d, \u201cInquilina de Violeiro\u201d e \u201cPiracicabano\u201d.<\/p>\n<p>Lembrando que o feriado que seria amanh\u00e3, foi antecipado para hoje, atrav\u00e9s de um decreto do prefeito municipal.<\/p>\n<figure class=\"image\"><img decoding=\"async\" src=\"https:\/\/admin.nortaoonline.com\/upload\/9\/33847\/6821f30e6b034a0e0d.jpg\" \/><\/figure>\n<figure class=\"image\"><img decoding=\"async\" src=\"https:\/\/admin.nortaoonline.com\/upload\/9\/33847\/6821f25f561dea685a.jpg\" \/><\/figure>\n<figure class=\"image\"><img decoding=\"async\" src=\"https:\/\/admin.nortaoonline.com\/upload\/9\/33847\/6821f25f1d96235a72.jpg\" \/><\/figure>\n<p>&nbsp;<\/p>\n<\/div>\n<div class=\"font-weight-bold grey--text text--darken-2 mb-4\" data-v-71457620=\"\">Fonte: Angela Foga\u00e7a\/Nort\u00e3o Online<\/div>\n","protected":false},"excerpt":{"rendered":"<p>Por: Angela Foga\u00e7a\/Nort\u00e3o Online Foto por: Assessoria O final de semana foi agitado em Nova<\/p>\n","protected":false},"author":2,"featured_media":54430,"comment_status":"open","ping_status":"open","sticky":false,"template":"","format":"standard","meta":{"footnotes":""},"categories":[7,13],"tags":[],"aioseo_notices":[],"_links":{"self":[{"href":"https:\/\/portalnewsgta.com.br\/index.php\/wp-json\/wp\/v2\/posts\/54429"}],"collection":[{"href":"https:\/\/portalnewsgta.com.br\/index.php\/wp-json\/wp\/v2\/posts"}],"about":[{"href":"https:\/\/portalnewsgta.com.br\/index.php\/wp-json\/wp\/v2\/types\/post"}],"author":[{"embeddable":true,"href":"https:\/\/portalnewsgta.com.br\/index.php\/wp-json\/wp\/v2\/users\/2"}],"replies":[{"embeddable":true,"href":"https:\/\/portalnewsgta.com.br\/index.php\/wp-json\/wp\/v2\/comments?post=54429"}],"version-history":[{"count":1,"href":"https:\/\/portalnewsgta.com.br\/index.php\/wp-json\/wp\/v2\/posts\/54429\/revisions"}],"predecessor-version":[{"id":54431,"href":"https:\/\/portalnewsgta.com.br\/index.php\/wp-json\/wp\/v2\/posts\/54429\/revisions\/54431"}],"wp:featuredmedia":[{"embeddable":true,"href":"https:\/\/portalnewsgta.com.br\/index.php\/wp-json\/wp\/v2\/media\/54430"}],"wp:attachment":[{"href":"https:\/\/portalnewsgta.com.br\/index.php\/wp-json\/wp\/v2\/media?parent=54429"}],"wp:term":[{"taxonomy":"category","embeddable":true,"href":"https:\/\/portalnewsgta.com.br\/index.php\/wp-json\/wp\/v2\/categories?post=54429"},{"taxonomy":"post_tag","embeddable":true,"href":"https:\/\/portalnewsgta.com.br\/index.php\/wp-json\/wp\/v2\/tags?post=54429"}],"curies":[{"name":"wp","href":"https:\/\/api.w.org\/{rel}","templated":true}]}}