{"id":54188,"date":"2025-05-10T14:45:03","date_gmt":"2025-05-10T17:45:03","guid":{"rendered":"https:\/\/portalnewsgta.com.br\/?p=54188"},"modified":"2025-05-10T14:45:03","modified_gmt":"2025-05-10T17:45:03","slug":"abilio-cita-boa-relacao-com-pivetta-mas-defende-nome-do-pl","status":"publish","type":"post","link":"https:\/\/portalnewsgta.com.br\/index.php\/2025\/05\/10\/abilio-cita-boa-relacao-com-pivetta-mas-defende-nome-do-pl\/","title":{"rendered":"Abilio cita boa rela\u00e7\u00e3o com Pivetta, mas defende nome do PL"},"content":{"rendered":"<div class=\"col-xs-12 col-sm-12 col-md-12 col-lg-12 mb10\">\n<div class=\"row\">\n<div class=\"col-xs-12 col-sm-12 col-md-12 col-lg-12 mb15\">\n<div class=\"row\">\n<div class=\"col-xs-12 col-sm-11 col-md-11 col-lg-11 autorer\"><span class=\"autores_fontes_nome\">Fred Moraes<\/span><\/p>\n<p class=\"autores_fontes_email\">fred.moraes@gazetadigital.com.br<\/p>\n<\/div>\n<\/div>\n<\/div>\n<\/div>\n<\/div>\n<div class=\"col-xs-12 col-sm-12 col-md-12 col-lg-12 mb30\">\n<p class=\"credito-1\">Reprodu\u00e7\u00e3o<\/p>\n<p><span class=\"img-conteudo pull-left\"><a href=\"https:\/\/www.gazetadigital.com.br\/storage\/webdisco\/2025\/05\/05\/1200x900\/407ae1056fedd0a53ef1481dda68ac58.jpg\" data-fancybox=\"gallery\" data-caption=\"Reprodu\u00e7\u00e3o \"><img decoding=\"async\" src=\"https:\/\/www.gazetadigital.com.br\/storage\/webdisco\/2025\/05\/05\/431x285\/407ae1056fedd0a53ef1481dda68ac58.jpg\" alt=\"Reprodu\u00e7\u00e3o \" \/><\/a><\/span><\/p>\n<p class=\"img-conteudo-desc\">\n<div id=\"text-content\" class=\"mb20\">\n<p class=\"selectable-text copyable-text x15bjb6t x1n2onr6\" dir=\"ltr\"><span class=\"selectable-text copyable-text false\">O prefeito de Cuiab\u00e1, Abilio Brunini (PL), afirmou que mesmo que seus partidos, bem como filiados com cargos eletivos, tenham uma grande proximidade com o vice-governador Otaviano Pivetta (Republicanos), isso n\u00e3o impede que a sigla lance um nome pr\u00f3prio na disputa pelo governo do Estado em 2026. \u00c0 imprensa, Brunini disse que manter uma rela\u00e7\u00e3o pessoal amistosa entre Executivo municipal e estadual \u00e9 proveitosa, mas que acima disso est\u00e3o interesses do principal partido da direita.<\/span><\/p>\n<p class=\"selectable-text copyable-text x15bjb6t x1n2onr6\" dir=\"ltr\">\n<p class=\"selectable-text copyable-text x15bjb6t x1n2onr6\" dir=\"ltr\"><span class=\"selectable-text copyable-text false\">Conforme Abilio, Pivetta possui boa aceita\u00e7\u00e3o entre os liberais, mas ainda assim defende que no ano que vem o partido lance um nome para figurar nas elei\u00e7\u00f5es, at\u00e9 por sua representatividade eleitoral. No entanto, caso a sigla descarte a hip\u00f3tese e caminhe em forma de alian\u00e7a com o Republicanos, n\u00e3o haver\u00e1 problemas.<\/span><\/p>\n<p class=\"selectable-text copyable-text x15bjb6t x1n2onr6\" dir=\"ltr\">\n<p class=\"selectable-text copyable-text x15bjb6t x1n2onr6\" dir=\"ltr\"><span class=\"selectable-text copyable-text false\">\u201cEu gosto do Pivetta, sou amigo dele, mas antes disso a gente tem um partido pol\u00edtico que eu fa\u00e7o parte. Eu n\u00e3o posso sair desclassificando ou descategorizando um partido. Eu defendo que o PL tem que ter o seu candidato pr\u00f3prio, certo? O PL \u00e9 um partido forte e tem que ter o seu candidato. Agora, se o PL optar por uma alian\u00e7a e isso for de comum converg\u00eancia, a\u00ed tudo bem, n\u00e3o tem problema nenhum\u201d, afirmou.<\/span><\/p>\n<p class=\"selectable-text copyable-text x15bjb6t x1n2onr6\" dir=\"ltr\">\n<p class=\"selectable-text copyable-text x15bjb6t x1n2onr6\" dir=\"ltr\"><span class=\"selectable-text copyable-text false\">Abilio avalia que existem nomes bons e preparados para disputar o Executivo estadual, mas fez suspense, alegando que as discuss\u00f5es ficam para o pr\u00f3ximo ano.<\/span><\/p>\n<p class=\"selectable-text copyable-text x15bjb6t x1n2onr6\" dir=\"ltr\">\n<p class=\"selectable-text copyable-text x15bjb6t x1n2onr6\" dir=\"ltr\"><span class=\"selectable-text copyable-text false\">\u201cEu acredito que n\u00f3s teremos bons nomes. Logo a gente resolve. Est\u00e1 mais na imprensa com a curiosidade\u201d, finaliza.<\/span><\/p>\n<\/div>\n<\/div>\n","protected":false},"excerpt":{"rendered":"<p>Fred Moraes fred.moraes@gazetadigital.com.br Reprodu\u00e7\u00e3o O prefeito de Cuiab\u00e1, Abilio Brunini (PL), afirmou que mesmo que<\/p>\n","protected":false},"author":2,"featured_media":54189,"comment_status":"open","ping_status":"open","sticky":false,"template":"","format":"standard","meta":{"footnotes":""},"categories":[13,2],"tags":[1088],"aioseo_notices":[],"_links":{"self":[{"href":"https:\/\/portalnewsgta.com.br\/index.php\/wp-json\/wp\/v2\/posts\/54188"}],"collection":[{"href":"https:\/\/portalnewsgta.com.br\/index.php\/wp-json\/wp\/v2\/posts"}],"about":[{"href":"https:\/\/portalnewsgta.com.br\/index.php\/wp-json\/wp\/v2\/types\/post"}],"author":[{"embeddable":true,"href":"https:\/\/portalnewsgta.com.br\/index.php\/wp-json\/wp\/v2\/users\/2"}],"replies":[{"embeddable":true,"href":"https:\/\/portalnewsgta.com.br\/index.php\/wp-json\/wp\/v2\/comments?post=54188"}],"version-history":[{"count":1,"href":"https:\/\/portalnewsgta.com.br\/index.php\/wp-json\/wp\/v2\/posts\/54188\/revisions"}],"predecessor-version":[{"id":54190,"href":"https:\/\/portalnewsgta.com.br\/index.php\/wp-json\/wp\/v2\/posts\/54188\/revisions\/54190"}],"wp:featuredmedia":[{"embeddable":true,"href":"https:\/\/portalnewsgta.com.br\/index.php\/wp-json\/wp\/v2\/media\/54189"}],"wp:attachment":[{"href":"https:\/\/portalnewsgta.com.br\/index.php\/wp-json\/wp\/v2\/media?parent=54188"}],"wp:term":[{"taxonomy":"category","embeddable":true,"href":"https:\/\/portalnewsgta.com.br\/index.php\/wp-json\/wp\/v2\/categories?post=54188"},{"taxonomy":"post_tag","embeddable":true,"href":"https:\/\/portalnewsgta.com.br\/index.php\/wp-json\/wp\/v2\/tags?post=54188"}],"curies":[{"name":"wp","href":"https:\/\/api.w.org\/{rel}","templated":true}]}}