{"id":54124,"date":"2025-05-10T06:42:47","date_gmt":"2025-05-10T09:42:47","guid":{"rendered":"https:\/\/portalnewsgta.com.br\/index.php\/2025\/05\/10\/guardiola-responde-haaland-se-e-o-que-ele-sente\/"},"modified":"2025-05-10T06:42:47","modified_gmt":"2025-05-10T09:42:47","slug":"guardiola-responde-haaland-se-e-o-que-ele-sente","status":"publish","type":"post","link":"https:\/\/portalnewsgta.com.br\/index.php\/2025\/05\/10\/guardiola-responde-haaland-se-e-o-que-ele-sente\/","title":{"rendered":"Guardiola responde Haaland: &#8220;Se \u00e9 o que ele sente&#8230;&#8221;"},"content":{"rendered":"<p>Pep Guardiola aproveitou, nesta sexta-feira, a coletiva de imprensa de pr\u00e9via da 36\u00aa rodada da Premier League \u2014 que colocar\u00e1 frente a frente Southampton e Manchester City \u2014 para responder aos coment\u00e1rios pol\u00eamicos de Erling Haaland.<\/p>\n<div class=\"dummyPub\">\u00a0<\/div>\n<p>Na v\u00e9spera, o atacante noruegu\u00eas atribuiu a temporada abaixo das expectativas do City a uma falta generalizada de &#8220;fome&#8221;, em vez das v\u00e1rias &#8220;les\u00f5es&#8221; que afetaram o elenco. A declara\u00e7\u00e3o n\u00e3o teria agradado o treinador, que aconselhou o jogador a conversar com seus companheiros de equipe.<\/p>\n<p>&#8220;Se esse \u00e9 o sentimento do Erling, os jogadores precisam conversar entre si e se perguntar o motivo disso&#8221;, afirmou o t\u00e9cnico espanhol, em declara\u00e7\u00f5es reproduzidas pela emissora norte-americana ESPN.<\/p>\n<p>&#8220;Podemos fazer melhor, embora estejamos satisfeitos com os resultados que estamos alcan\u00e7ando. A situa\u00e7\u00e3o em que nos encontramos \u00e9 resultado de v\u00e1rios meses de trabalho \u2014 e essa fase atual tem apenas tr\u00eas ou quatro semanas&#8221;, completou.<\/p>\n<p>Leia Tamb\u00e9m: <a href=\"https:\/\/www.noticiasaominuto.com.br\/esporte\/2282531\/rossi-recebe-homenagem-do-fla-um-dia-apos-carro-ser-alvejado-por-tiros\" target=\"_blank\" rel=\"noopener\">Rossi recebe homenagem do Fla um dia ap\u00f3s carro ser alvejado por tiros<\/a><\/p>\n<p>Fonte: noticiasaominuto.com.br<\/p>\n","protected":false},"excerpt":{"rendered":"<p>Pep Guardiola aproveitou, nesta sexta-feira, a coletiva de imprensa de pr\u00e9via da 36\u00aa rodada da<\/p>\n","protected":false},"author":0,"featured_media":54125,"comment_status":"open","ping_status":"open","sticky":false,"template":"","format":"standard","meta":{"footnotes":""},"categories":[4],"tags":[],"aioseo_notices":[],"_links":{"self":[{"href":"https:\/\/portalnewsgta.com.br\/index.php\/wp-json\/wp\/v2\/posts\/54124"}],"collection":[{"href":"https:\/\/portalnewsgta.com.br\/index.php\/wp-json\/wp\/v2\/posts"}],"about":[{"href":"https:\/\/portalnewsgta.com.br\/index.php\/wp-json\/wp\/v2\/types\/post"}],"replies":[{"embeddable":true,"href":"https:\/\/portalnewsgta.com.br\/index.php\/wp-json\/wp\/v2\/comments?post=54124"}],"version-history":[{"count":0,"href":"https:\/\/portalnewsgta.com.br\/index.php\/wp-json\/wp\/v2\/posts\/54124\/revisions"}],"wp:featuredmedia":[{"embeddable":true,"href":"https:\/\/portalnewsgta.com.br\/index.php\/wp-json\/wp\/v2\/media\/54125"}],"wp:attachment":[{"href":"https:\/\/portalnewsgta.com.br\/index.php\/wp-json\/wp\/v2\/media?parent=54124"}],"wp:term":[{"taxonomy":"category","embeddable":true,"href":"https:\/\/portalnewsgta.com.br\/index.php\/wp-json\/wp\/v2\/categories?post=54124"},{"taxonomy":"post_tag","embeddable":true,"href":"https:\/\/portalnewsgta.com.br\/index.php\/wp-json\/wp\/v2\/tags?post=54124"}],"curies":[{"name":"wp","href":"https:\/\/api.w.org\/{rel}","templated":true}]}}