{"id":53678,"date":"2025-05-06T08:42:41","date_gmt":"2025-05-06T11:42:41","guid":{"rendered":"https:\/\/portalnewsgta.com.br\/index.php\/2025\/05\/06\/filho-de-cristiano-ronaldo-e-convocado-para-a-selecao-sub-15-de-portugal\/"},"modified":"2025-05-06T08:42:41","modified_gmt":"2025-05-06T11:42:41","slug":"filho-de-cristiano-ronaldo-e-convocado-para-a-selecao-sub-15-de-portugal","status":"publish","type":"post","link":"https:\/\/portalnewsgta.com.br\/index.php\/2025\/05\/06\/filho-de-cristiano-ronaldo-e-convocado-para-a-selecao-sub-15-de-portugal\/","title":{"rendered":"Filho de Cristiano Ronaldo \u00e9 convocado para a Sele\u00e7\u00e3o Sub-15 de Portugal"},"content":{"rendered":"<p>Cristianinho, filho do craque portugu\u00eas Cristiano Ronaldo, foi convocado pela primeira vez para a Sele\u00e7\u00e3o Portuguesa Sub-15. Aos 14 anos, o jovem atacante integra a lista de 22 atletas chamada pelo t\u00e9cnico Jo\u00e3o Santos para disputar o Torneio Internacional Vlatko Markovic, que ser\u00e1 realizado na Cro\u00e1cia entre os dias 13 e 18 de maio.<\/p>\n<div class=\"dummyPub\">\u00a0<\/div>\n<p>Atualmente, Cristianinho joga nas categorias de base do Al Nassr, clube saudita onde tamb\u00e9m atua seu pai. A participa\u00e7\u00e3o no torneio marcar\u00e1 sua estreia com a camisa da sele\u00e7\u00e3o portuguesa.<\/p>\n<p>Portugal far\u00e1 quatro partidas durante a competi\u00e7\u00e3o. Os tr\u00eas primeiros jogos est\u00e3o marcados contra o Jap\u00e3o (13 de maio), Gr\u00e9cia (14 de maio) e Inglaterra (16 de maio). O quarto confronto ser\u00e1 no dia 18, ainda sem advers\u00e1rio definido. A convoca\u00e7\u00e3o refor\u00e7a as expectativas em torno do futuro do jovem, que j\u00e1 \u00e9 visto como uma promessa do futebol.<\/p>\n<p>Leia Tamb\u00e9m: <a href=\"https:\/\/www.noticiasaominuto.com.br\/esporte\/2281258\/promessa-do-tenis-morre-aos-18-anos-apos-ser-atropelado-nos-eua\" target=\"_blank\" rel=\"noopener\">Promessa do t\u00eanis morre aos 18 anos ap\u00f3s ser atropelado nos EUA<\/a><\/p>\n<p>Fonte: noticiasaominuto.com.br<\/p>\n","protected":false},"excerpt":{"rendered":"<p>Cristianinho, filho do craque portugu\u00eas Cristiano Ronaldo, foi convocado pela primeira vez para a Sele\u00e7\u00e3o<\/p>\n","protected":false},"author":0,"featured_media":53679,"comment_status":"open","ping_status":"open","sticky":false,"template":"","format":"standard","meta":{"footnotes":""},"categories":[4],"tags":[],"aioseo_notices":[],"_links":{"self":[{"href":"https:\/\/portalnewsgta.com.br\/index.php\/wp-json\/wp\/v2\/posts\/53678"}],"collection":[{"href":"https:\/\/portalnewsgta.com.br\/index.php\/wp-json\/wp\/v2\/posts"}],"about":[{"href":"https:\/\/portalnewsgta.com.br\/index.php\/wp-json\/wp\/v2\/types\/post"}],"replies":[{"embeddable":true,"href":"https:\/\/portalnewsgta.com.br\/index.php\/wp-json\/wp\/v2\/comments?post=53678"}],"version-history":[{"count":0,"href":"https:\/\/portalnewsgta.com.br\/index.php\/wp-json\/wp\/v2\/posts\/53678\/revisions"}],"wp:featuredmedia":[{"embeddable":true,"href":"https:\/\/portalnewsgta.com.br\/index.php\/wp-json\/wp\/v2\/media\/53679"}],"wp:attachment":[{"href":"https:\/\/portalnewsgta.com.br\/index.php\/wp-json\/wp\/v2\/media?parent=53678"}],"wp:term":[{"taxonomy":"category","embeddable":true,"href":"https:\/\/portalnewsgta.com.br\/index.php\/wp-json\/wp\/v2\/categories?post=53678"},{"taxonomy":"post_tag","embeddable":true,"href":"https:\/\/portalnewsgta.com.br\/index.php\/wp-json\/wp\/v2\/tags?post=53678"}],"curies":[{"name":"wp","href":"https:\/\/api.w.org\/{rel}","templated":true}]}}