{"id":5307,"date":"2024-04-25T14:01:59","date_gmt":"2024-04-25T17:01:59","guid":{"rendered":"https:\/\/portalnewsgta.com.br\/index.php\/2024\/04\/25\/governo-de-mt-estabelece-forca-tarefa-e-intensifica-acoes-de-prevencao-e-combate-aos-incendios-florestais\/"},"modified":"2024-04-25T14:01:59","modified_gmt":"2024-04-25T17:01:59","slug":"governo-de-mt-estabelece-forca-tarefa-e-intensifica-acoes-de-prevencao-e-combate-aos-incendios-florestais","status":"publish","type":"post","link":"https:\/\/portalnewsgta.com.br\/index.php\/2024\/04\/25\/governo-de-mt-estabelece-forca-tarefa-e-intensifica-acoes-de-prevencao-e-combate-aos-incendios-florestais\/","title":{"rendered":"Governo de MT estabelece for\u00e7a-tarefa e intensifica a\u00e7\u00f5es de preven\u00e7\u00e3o e combate aos inc\u00eandios florestais"},"content":{"rendered":"<div>\n<div id=\"infocoweb\" data-uuid=\"fae62d6b-cb29-436a-81af-919ca5b6488b\" class=\"infocoweb infocoweb_canal_61\">\n<div id=\"infocoweb_cabecalho\" class=\"infocoweb_cabecalho\"><\/div>\n<div id=\"infocoweb_corpo\" class=\"infocoweb_corpo\"><span class=\"ifn_post_add_feature_image_to_the_top\"><\/span><\/p>\n<div style=\"text-align: justify\">Protocolo in\u00e9dito do Governo de Mato Grosso e a Associa\u00e7\u00e3o Mato-grossense de Munic\u00edpios (AMM) ir\u00e1 refor\u00e7ar a integra\u00e7\u00e3o entre Estado e Prefeituras nas a\u00e7\u00f5es de preven\u00e7\u00e3o e combate aos inc\u00eandios florestais. O documento foi assinado nesta quinta-feira (25.04), na sede da AMM, em Cuiab\u00e1.<\/p>\n<p> \u201cCom este protocolo assinado hoje, teremos um combate mais eficiente e vamos garantir o fortalecimento do trabalho preventivo, que \u00e9 fundamental para que, durante o per\u00edodo proibitivo do uso do fogo, Mato Grosso possa ter uma redu\u00e7\u00e3o dos focos de calor e, consequentemente, dos inc\u00eandios florestais\u201d, destacou o comandante-geral do Corpo de Bombeiros, coronel Alessandro Borges.<\/p>\n<p> \u201cS\u00f3 vamos conseguir avan\u00e7ar na preven\u00e7\u00e3o e no combate de inc\u00eandios florestais nos tr\u00eas biomas de Mato Grosso se trabalharmos juntos. O munic\u00edpio n\u00e3o consegue agir sozinho, por isso fazemos essa integra\u00e7\u00e3o. Ser\u00e1 uma for\u00e7a-tarefa para evitar que neste ano os grandes inc\u00eandios florestais assolem Mato Grosso\u201d, pontuou o presidente da AMM, Leonardo Bortolin, prefeito de Primavera do Leste.<\/p>\n<p> O protocolo de inten\u00e7\u00f5es foi assinado pelas Secretarias de Estado de Meio Ambiente e Seguran\u00e7a P\u00fablica, Corpo de Bombeiros Militar, Tribunal de Contas do Estado (TCE) e AMM. O documento estabelece coopera\u00e7\u00e3o m\u00fatua, visando a integra\u00e7\u00e3o das atividades de prepara\u00e7\u00e3o, preven\u00e7\u00e3o e resposta a inc\u00eandios florestais.<\/p>\n<p> \u201cNova Bandeirantes j\u00e1 \u00e9 parceiro do Corpo de Bombeiros h\u00e1 tr\u00eas anos, o que resultou na redu\u00e7\u00e3o de focos de calor em 67% entre 2022 e 2023. Esse protocolo ser\u00e1 fundamental entre munic\u00edpio, Corpo de Bombeiros e Sema, e vem para fortalecer ainda mais nossa parceria\u201d, afirmou o prefeito de Nova Bandeirantes, C\u00e9sar Augusto P\u00e9rigo.<\/p>\n<p> O documento tamb\u00e9m prev\u00ea que as prefeituras criem salas de monitoramento de inc\u00eandios florestais e realizem a contrata\u00e7\u00e3o de brigadistas municipais por um per\u00edodo de quatro meses. A capacita\u00e7\u00e3o destes profissionais ficar\u00e1 sob a responsabilidade do Corpo de Bombeiros.<\/p>\n<p> Presidente do TCE, o conselheiro S\u00e9rgio Ricardo destacou o trabalho realizado pela corpora\u00e7\u00e3o no combate aos inc\u00eandios florestais em todo o Estado. Ele tamb\u00e9m afirmou que a redu\u00e7\u00e3o de inc\u00eandios e desastres \u00e9 poss\u00edvel por conta das for\u00e7as de seguran\u00e7a de Mato Grosso.<\/p>\n<p> \u201cAdmiro o trabalho do Corpo de Bombeiros. Esta \u00e9 uma das institui\u00e7\u00f5es de maior credibilidade no nosso Estado e pa\u00eds. Visitei e conheci o trabalho maravilhoso feito pela corpora\u00e7\u00e3o. Se acontece a diminui\u00e7\u00e3o de inc\u00eandios e desastres, \u00e9 gra\u00e7as ao trabalho do Corpo de Bombeiros\u201d, disse.<\/p>\n<p> J\u00e1 a secret\u00e1ria adjunta de Licenciamento Ambiental e Recursos H\u00eddricos do Meio Ambiente da Sema, Lilian Ferreira dos Santos, refor\u00e7ou que desde 2019 o Governo de Mato Grosso investe mais de R$ 240 milh\u00f5es em a\u00e7\u00f5es de preven\u00e7\u00e3o e combate aos inc\u00eandios florestais.<\/p>\n<p> \u201cEstou na secretaria h\u00e1 26 anos e tenho acompanhando o desenvolvimento e investimento realizado pelo Governo do Estado desde 2019. \u00c9 um aumento significativo que garante um Estado preparado para combater, fiscalizar e prevenir os inc\u00eandios florestais\u201d, destacou.<\/p>\n<p> <strong>Per\u00edodo proibitivo de uso do fogo<\/strong><\/p>\n<p> Neste ano, o per\u00edodo proibitivo de uso do fogo foi ampliado e contar\u00e1 com prazos diferentes para os biomas mato-grossenses. Na Amaz\u00f4nia e Cerrado, fica proibido o uso do fogo para limpeza e manejo de \u00e1reas entre 1\u00b0 de julho e 30 de novembro. J\u00e1 no Pantanal, a proibi\u00e7\u00e3o se estende at\u00e9 31 de dezembro.<\/p>\n<\/div>\n<p id=\"infocoweb_fonte\" class=\"infocoweb_fonte\">Fonte: Governo MT \u2013 MT<\/p>\n<style>#infocoweb_cabecalho {\n        display: inline-block;\n        margin-top: -75px;\n        position: absolute;\n        right: 0;\n    }\n<\/style>\n<style><\/style>\n<\/div>\n<div id=\"infocoweb_rodape\" class=\"infocoweb_rodape\"><\/div>\n<\/div>\n<p>O post Governo de MT estabelece for\u00e7a-tarefa e intensifica a\u00e7\u00f5es de preven\u00e7\u00e3o e combate aos inc\u00eandios florestais apareceu primeiro em Portal MT.<\/p>\n<\/div>\n","protected":false},"excerpt":{"rendered":"<p>Protocolo in\u00e9dito do Governo de Mato Grosso e a Associa\u00e7\u00e3o Mato-grossense de Munic\u00edpios (AMM) ir\u00e1<\/p>\n","protected":false},"author":2,"featured_media":5308,"comment_status":"registered_only","ping_status":"closed","sticky":false,"template":"","format":"standard","meta":{"footnotes":""},"categories":[7],"tags":[],"aioseo_notices":[],"_links":{"self":[{"href":"https:\/\/portalnewsgta.com.br\/index.php\/wp-json\/wp\/v2\/posts\/5307"}],"collection":[{"href":"https:\/\/portalnewsgta.com.br\/index.php\/wp-json\/wp\/v2\/posts"}],"about":[{"href":"https:\/\/portalnewsgta.com.br\/index.php\/wp-json\/wp\/v2\/types\/post"}],"author":[{"embeddable":true,"href":"https:\/\/portalnewsgta.com.br\/index.php\/wp-json\/wp\/v2\/users\/2"}],"replies":[{"embeddable":true,"href":"https:\/\/portalnewsgta.com.br\/index.php\/wp-json\/wp\/v2\/comments?post=5307"}],"version-history":[{"count":0,"href":"https:\/\/portalnewsgta.com.br\/index.php\/wp-json\/wp\/v2\/posts\/5307\/revisions"}],"wp:featuredmedia":[{"embeddable":true,"href":"https:\/\/portalnewsgta.com.br\/index.php\/wp-json\/wp\/v2\/media\/5308"}],"wp:attachment":[{"href":"https:\/\/portalnewsgta.com.br\/index.php\/wp-json\/wp\/v2\/media?parent=5307"}],"wp:term":[{"taxonomy":"category","embeddable":true,"href":"https:\/\/portalnewsgta.com.br\/index.php\/wp-json\/wp\/v2\/categories?post=5307"},{"taxonomy":"post_tag","embeddable":true,"href":"https:\/\/portalnewsgta.com.br\/index.php\/wp-json\/wp\/v2\/tags?post=5307"}],"curies":[{"name":"wp","href":"https:\/\/api.w.org\/{rel}","templated":true}]}}