{"id":52960,"date":"2025-04-25T19:43:36","date_gmt":"2025-04-25T22:43:36","guid":{"rendered":"https:\/\/portalnewsgta.com.br\/index.php\/2025\/04\/25\/web-pede-a-volta-do-video-show-como-programa-fixo-na-globo-apos-especial-de-60-anos\/"},"modified":"2025-04-25T19:43:36","modified_gmt":"2025-04-25T22:43:36","slug":"web-pede-a-volta-do-video-show-como-programa-fixo-na-globo-apos-especial-de-60-anos","status":"publish","type":"post","link":"https:\/\/portalnewsgta.com.br\/index.php\/2025\/04\/25\/web-pede-a-volta-do-video-show-como-programa-fixo-na-globo-apos-especial-de-60-anos\/","title":{"rendered":"Web pede a volta do V\u00eddeo Show como programa fixo na Globo ap\u00f3s especial de 60 anos"},"content":{"rendered":"<p>S\u00c3O PAULO, SP (FOLHAPRESS) &#8211; A exibi\u00e7\u00e3o do V\u00eddeo Show especial em comemora\u00e7\u00e3o dos 60 anos da Globo, na noite de quinta-feira (24), tem feito muita gente pedir pela volta da atra\u00e7\u00e3o na grade fixa da emissora.<\/p>\n<div class=\"dummyPub\">\u00a0<\/div>\n<p>Ap\u00f3s o programa especial ir ao ar, a repercuss\u00e3o foi positiva pelas redes sociais, tanto que o nome dele foi al\u00e7ado a um dos temas de maior debate no X.<br \/>&#8220;Eu digo tranquilamente que o V\u00eddeo Show poderia voltar como um programa semanal aos s\u00e1bados. Podia ser curtinho, 45 minutos, mostrando bastidores, entrevistas e erros de grava\u00e7\u00e3o. \u00c9 tanto material incr\u00edvel que a gente n\u00e3o tem acesso mais&#8221;, refor\u00e7ou um internauta.<\/p>\n<p>A parceria de Otaviano Costa com Monica Iozzi, que entre 2015 e 2016 comandaram juntos o vespertino, tamb\u00e9m chamou a aten\u00e7\u00e3o. Ambos se reencontraram.<\/p>\n<p>O pr\u00f3prio apresentador, hoje na Band, fez quest\u00e3o de falar sobre o especial. &#8220;Vai ao ar o especial do meu, do seu, do nosso V\u00eddeo Show. Meu cora\u00e7\u00e3o refor\u00e7ado est\u00e1 batendo ainda mais forte de emo\u00e7\u00e3o ao relembrar todos os momentos lindos que esse programa me proporcionou&#8221;, escreveu.<\/p>\n<p>Outro trecho que repercutiu foi o encontro de Cissa Guimar\u00e3es com Miguel Falabella, antigos apresentadores entre 1989 e 2001, que depois de um abra\u00e7o emocionante deram um selinho na atra\u00e7\u00e3o. &#8220;Que encontro lindo! Eles s\u00e3o patrim\u00f4nios da nossa TV&#8221;, opinou um seguidor.<\/p>\n<p>Leia Tamb\u00e9m: <a href=\"https:\/\/www.noticiasaominuto.com.br\/fama\/2278496\/de-ferias-com-o-ex-anuncia-ex-bbbs-e-ex-fazenda-em-nova-nova-temporada\" target=\"_blank\" rel=\"noopener\">De F\u00e9rias com o Ex anuncia ex-BBBs e ex-Fazenda em nova nova temporada<\/a><\/p>\n<p>Leia Tamb\u00e9m: <a href=\"https:\/\/www.noticiasaominuto.com.br\/fama\/2278511\/anitta-ganha-tapete-holistico-de-ricky-martin-avaliado-em-r-11-5-mil\" target=\"_blank\" rel=\"noopener\">Anitta ganha tapete hol\u00edstico de Ricky Martin avaliado em R$ 11,5 mil<\/a><\/p>\n<p>Fonte: noticiasaominuto.com.br<\/p>\n","protected":false},"excerpt":{"rendered":"<p>S\u00c3O PAULO, SP (FOLHAPRESS) &#8211; A exibi\u00e7\u00e3o do V\u00eddeo Show especial em comemora\u00e7\u00e3o dos 60<\/p>\n","protected":false},"author":0,"featured_media":52961,"comment_status":"open","ping_status":"open","sticky":false,"template":"","format":"standard","meta":{"footnotes":""},"categories":[6],"tags":[],"aioseo_notices":[],"_links":{"self":[{"href":"https:\/\/portalnewsgta.com.br\/index.php\/wp-json\/wp\/v2\/posts\/52960"}],"collection":[{"href":"https:\/\/portalnewsgta.com.br\/index.php\/wp-json\/wp\/v2\/posts"}],"about":[{"href":"https:\/\/portalnewsgta.com.br\/index.php\/wp-json\/wp\/v2\/types\/post"}],"replies":[{"embeddable":true,"href":"https:\/\/portalnewsgta.com.br\/index.php\/wp-json\/wp\/v2\/comments?post=52960"}],"version-history":[{"count":0,"href":"https:\/\/portalnewsgta.com.br\/index.php\/wp-json\/wp\/v2\/posts\/52960\/revisions"}],"wp:featuredmedia":[{"embeddable":true,"href":"https:\/\/portalnewsgta.com.br\/index.php\/wp-json\/wp\/v2\/media\/52961"}],"wp:attachment":[{"href":"https:\/\/portalnewsgta.com.br\/index.php\/wp-json\/wp\/v2\/media?parent=52960"}],"wp:term":[{"taxonomy":"category","embeddable":true,"href":"https:\/\/portalnewsgta.com.br\/index.php\/wp-json\/wp\/v2\/categories?post=52960"},{"taxonomy":"post_tag","embeddable":true,"href":"https:\/\/portalnewsgta.com.br\/index.php\/wp-json\/wp\/v2\/tags?post=52960"}],"curies":[{"name":"wp","href":"https:\/\/api.w.org\/{rel}","templated":true}]}}