{"id":52863,"date":"2025-04-24T22:42:48","date_gmt":"2025-04-25T01:42:48","guid":{"rendered":"https:\/\/portalnewsgta.com.br\/index.php\/2025\/04\/24\/mateus-dupla-de-jorge-passa-por-cirurgia-de-emergencia\/"},"modified":"2025-04-24T22:42:48","modified_gmt":"2025-04-25T01:42:48","slug":"mateus-dupla-de-jorge-passa-por-cirurgia-de-emergencia","status":"publish","type":"post","link":"https:\/\/portalnewsgta.com.br\/index.php\/2025\/04\/24\/mateus-dupla-de-jorge-passa-por-cirurgia-de-emergencia\/","title":{"rendered":"Mateus, dupla de Jorge, passa por cirurgia de emerg\u00eancia"},"content":{"rendered":"<p>S\u00c3O PAULO, SP (UOL\/FOLHAPRESS) &#8211; Mateus, 38, que faz dupla sertaneja com Jorge, vai fazer uma cirurgia de emerg\u00eancia na tarde desta quinta-feira (24). Por isso, Jorge assumir\u00e1 as pr\u00f3ximas tr\u00eas apresenta\u00e7\u00f5es sozinho.<\/p>\n<div class=\"dummyPub\">\u00a0<\/div>\n<p>Em nota, a produtora dos shows afirmou que Mateus foi submetido a uma cirurgia no joelho em fevereiro deste ano. &#8220;Por orienta\u00e7\u00e3o m\u00e9dica, precisar\u00e1 passar, com urg\u00eancia, por um novo procedimento cir\u00fargico ainda na tarde de hoje, o que o impossibilita de se apresentar&#8221;, diz a nota publicada no Instagram.<\/p>\n<p>M\u00fasico ficar\u00e1 ausente dos shows que acontecem hoje em Santar\u00e9m (PA), amanh\u00e3 em Bel\u00e9m (PA) e no s\u00e1bado (26), em Manaus (AM). O texto n\u00e3o d\u00e1 mais detalhes do que acometeu o artista. &#8220;Esperamos pela pronta recupera\u00e7\u00e3o do cantor Mateus e, se Deus quiser, em breve traremos boas not\u00edcias sobre seu estado de sa\u00fade&#8221;.<\/p>\n<p>Jorge e Mateus est\u00e3o numa turn\u00ea que marca uma pausa ap\u00f3s duas d\u00e9cadas de dupla. Em dezembro, eles anunciaram uma pausa por tempo indefinido ap\u00f3s os shows comemorativos dos 20 anos. O per\u00edodo ser\u00e1 dedicado \u00e0 fam\u00edlia e \u00e0 composi\u00e7\u00e3o de novas m\u00fasicas.<\/p>\n<p>Leia Tamb\u00e9m: <a href=\"https:\/\/www.noticiasaominuto.com.br\/fama\/2278360\/ex-the-voice-kids-morre-aos-17-anos-apos-sofrer-avc\" target=\"_blank\" rel=\"noopener\">Ex-The Voice Kids morre aos 17 anos ap\u00f3s sofrer AVC<\/a><\/p>\n<p>Fonte: noticiasaominuto.com.br<\/p>\n","protected":false},"excerpt":{"rendered":"<p>S\u00c3O PAULO, SP (UOL\/FOLHAPRESS) &#8211; Mateus, 38, que faz dupla sertaneja com Jorge, vai fazer<\/p>\n","protected":false},"author":0,"featured_media":52864,"comment_status":"open","ping_status":"open","sticky":false,"template":"","format":"standard","meta":{"footnotes":""},"categories":[6],"tags":[],"aioseo_notices":[],"_links":{"self":[{"href":"https:\/\/portalnewsgta.com.br\/index.php\/wp-json\/wp\/v2\/posts\/52863"}],"collection":[{"href":"https:\/\/portalnewsgta.com.br\/index.php\/wp-json\/wp\/v2\/posts"}],"about":[{"href":"https:\/\/portalnewsgta.com.br\/index.php\/wp-json\/wp\/v2\/types\/post"}],"replies":[{"embeddable":true,"href":"https:\/\/portalnewsgta.com.br\/index.php\/wp-json\/wp\/v2\/comments?post=52863"}],"version-history":[{"count":0,"href":"https:\/\/portalnewsgta.com.br\/index.php\/wp-json\/wp\/v2\/posts\/52863\/revisions"}],"wp:featuredmedia":[{"embeddable":true,"href":"https:\/\/portalnewsgta.com.br\/index.php\/wp-json\/wp\/v2\/media\/52864"}],"wp:attachment":[{"href":"https:\/\/portalnewsgta.com.br\/index.php\/wp-json\/wp\/v2\/media?parent=52863"}],"wp:term":[{"taxonomy":"category","embeddable":true,"href":"https:\/\/portalnewsgta.com.br\/index.php\/wp-json\/wp\/v2\/categories?post=52863"},{"taxonomy":"post_tag","embeddable":true,"href":"https:\/\/portalnewsgta.com.br\/index.php\/wp-json\/wp\/v2\/tags?post=52863"}],"curies":[{"name":"wp","href":"https:\/\/api.w.org\/{rel}","templated":true}]}}