{"id":52625,"date":"2025-04-22T16:43:19","date_gmt":"2025-04-22T19:43:19","guid":{"rendered":"https:\/\/portalnewsgta.com.br\/index.php\/2025\/04\/22\/regina-duarte-diz-a-bial-que-nao-quer-mais-decorar-textos\/"},"modified":"2025-04-22T16:43:19","modified_gmt":"2025-04-22T19:43:19","slug":"regina-duarte-diz-a-bial-que-nao-quer-mais-decorar-textos","status":"publish","type":"post","link":"https:\/\/portalnewsgta.com.br\/index.php\/2025\/04\/22\/regina-duarte-diz-a-bial-que-nao-quer-mais-decorar-textos\/","title":{"rendered":"Regina Duarte diz a Bial que n\u00e3o quer mais decorar textos"},"content":{"rendered":"<p>S\u00c3O PAULO, SP (FOLHAPRESS) &#8211; Regina Duarte afirmou em entrevista a Pedro Bial, exibida no in\u00edcio da madrugada desta ter\u00e7a-feira (22), que n\u00e3o quer mais decorar textos ap\u00f3s 60 anos de carreira na televis\u00e3o e, por isso, s\u00f3 aceitaria participar da pr\u00f3xima novela de Aguinaldo Silva, &#8220;Tr\u00eas Gra\u00e7as&#8221;, se n\u00e3o tivesse que falar nada.<\/p>\n<div class=\"dummyPub\">\u00a0<\/div>\n<p>&#8220;Fiz isso a minha vida inteira. Trabalhava 24 horas por dia: 12 gravando e 12 decorando&#8221;, disse.<\/p>\n<p>A participa\u00e7\u00e3o no Conversa com Bial refor\u00e7a o movimento de reaproxima\u00e7\u00e3o da Globo com a atriz, em uma rela\u00e7\u00e3o abalada desde a sa\u00edda da artista em 2020, para assumir a secretaria especial de Cultura do ex-presidente Jair Bolsonaro (PL).<\/p>\n<p>Chamada de rainha por Bial, Regina pouco falou sobre seu apoio ao ex-presidente. O mote da conversa foram os 40 anos de &#8220;Roque Santeiro&#8221;, novela que marcou \u00e9poca ao satirizar a explora\u00e7\u00e3o pol\u00edtica e comercial da f\u00e9 popular e foi censurada em sua primeira vers\u00e3o, em 1975.<\/p>\n<p>&#8220;\u00c9 uma forma de recuperar essa rela\u00e7\u00e3o t\u00e3o importante na minha vida&#8221;, admitiu Regina ao ser perguntada sobre a &#8220;volta da filha pr\u00f3diga&#8221;. A temporada 2025 do Conversa com Bial homenageia os 60 anos da Globo.<\/p>\n<p>No est\u00fadio, a atriz reviu cenas marcantes da Vi\u00fava Porcina, protagonista de &#8220;Roque Santeiro&#8221;, e revelou discord\u00e2ncias e arrependimentos em rela\u00e7\u00e3o a uma das personagens mais ic\u00f4nicas da hist\u00f3ria das novelas.<\/p>\n<p>&#8220;Hoje eu cortaria 80% da gritaria da Porcina. N\u00e3o precisava, n\u00e3o sei porque inventei essa gritaria&#8221;, afirmou. &#8220;Eu via os c\u00e2meras rindo, achava que estava agradando, comecei a gritar cada vez mais alto e perdi a no\u00e7\u00e3o&#8221;.<\/p>\n<p>Regina n\u00e3o gosta tamb\u00e9m da famosa cena em que Sinhozinho Malta, interpretado por Lima Duarte, lambe a m\u00e3o de Porcina feito um cachorrinho. E preferia que a vi\u00fava tivesse ido embora com Roque Santeiro (Jos\u00e9 Wilker), no que foi contrariada pelo autor, Dias Gomes.<\/p>\n<p>A atriz elogiou o trabalho de Ta\u00eds Ara\u00fajo no remake de &#8220;Vale Tudo&#8221;, no papel de Raquel, vivida por Regina na primeira vers\u00e3o. As duas trocaram mensagens carinhosas antes da estreia.<\/p>\n<p>&#8220;Ela est\u00e1 muito bem. \u00c9 uma grande atriz. Falei: relaxa e se solta. \u00c9 um parque de divers\u00e3o&#8221;.<\/p>\n<p>A entrevista contou com a participa\u00e7\u00e3o da jornalista Laura Mattos, autora do livro &#8220;Her\u00f3i Mutilado&#8221;, sobre a obra &#8220;O Ber\u00e7o do Her\u00f3i&#8221;, de Dias Gomes, que deu origem a &#8220;Roque Santeiro&#8221; e sofreu censura e cortes em todas as vers\u00f5es -na pe\u00e7a de teatro, em 1965; na primeira vers\u00e3o da novela, proibida de ir ao ar em 1975; e na vers\u00e3o que foi ao ar dez anos depois, com cortes.<\/p>\n<p>&#8220;A censura \u00e9 prejudicial para a arte. Cada um que escolha o que quer seguir, o que quer louvar&#8221;, comentou a atriz.<\/p>\n<p>Bial fez uma rela\u00e7\u00e3o entre a censura e os ataques que Regina recebeu ao apoiar Bolsonaro e participar do governo do ex-presidente.<\/p>\n<p>&#8220;Fui defenestrada. Mas a sociedade j\u00e1 evoluiu, j\u00e1 aceita que posso fazer escolhas e n\u00e3o seguir o evangelho a, b ou c&#8221;, ela respondeu, na \u00fanica men\u00e7\u00e3o direta da noite ao bolsonarismo.<\/p>\n<p>Leia Tamb\u00e9m: <a href=\"https:\/\/www.noticiasaominuto.com.br\/fama\/2277684\/celso-freitas-aparece-na-globo-apos-demissao-da-record\" target=\"_blank\" rel=\"noopener\">Celso Freitas aparece na Globo ap\u00f3s demiss\u00e3o da Record<\/a><\/p>\n<p>Fonte: noticiasaominuto.com.br<\/p>\n","protected":false},"excerpt":{"rendered":"<p>S\u00c3O PAULO, SP (FOLHAPRESS) &#8211; Regina Duarte afirmou em entrevista a Pedro Bial, exibida no<\/p>\n","protected":false},"author":0,"featured_media":52626,"comment_status":"open","ping_status":"open","sticky":false,"template":"","format":"standard","meta":{"footnotes":""},"categories":[6],"tags":[],"aioseo_notices":[],"_links":{"self":[{"href":"https:\/\/portalnewsgta.com.br\/index.php\/wp-json\/wp\/v2\/posts\/52625"}],"collection":[{"href":"https:\/\/portalnewsgta.com.br\/index.php\/wp-json\/wp\/v2\/posts"}],"about":[{"href":"https:\/\/portalnewsgta.com.br\/index.php\/wp-json\/wp\/v2\/types\/post"}],"replies":[{"embeddable":true,"href":"https:\/\/portalnewsgta.com.br\/index.php\/wp-json\/wp\/v2\/comments?post=52625"}],"version-history":[{"count":0,"href":"https:\/\/portalnewsgta.com.br\/index.php\/wp-json\/wp\/v2\/posts\/52625\/revisions"}],"wp:featuredmedia":[{"embeddable":true,"href":"https:\/\/portalnewsgta.com.br\/index.php\/wp-json\/wp\/v2\/media\/52626"}],"wp:attachment":[{"href":"https:\/\/portalnewsgta.com.br\/index.php\/wp-json\/wp\/v2\/media?parent=52625"}],"wp:term":[{"taxonomy":"category","embeddable":true,"href":"https:\/\/portalnewsgta.com.br\/index.php\/wp-json\/wp\/v2\/categories?post=52625"},{"taxonomy":"post_tag","embeddable":true,"href":"https:\/\/portalnewsgta.com.br\/index.php\/wp-json\/wp\/v2\/tags?post=52625"}],"curies":[{"name":"wp","href":"https:\/\/api.w.org\/{rel}","templated":true}]}}