{"id":52556,"date":"2025-04-22T08:14:19","date_gmt":"2025-04-22T11:14:19","guid":{"rendered":"https:\/\/portalnewsgta.com.br\/?p=52556"},"modified":"2025-04-22T08:14:19","modified_gmt":"2025-04-22T11:14:19","slug":"saida-de-deputados-pode-facilitar-formacao-de-chapa-diz-janaina","status":"publish","type":"post","link":"https:\/\/portalnewsgta.com.br\/index.php\/2025\/04\/22\/saida-de-deputados-pode-facilitar-formacao-de-chapa-diz-janaina\/","title":{"rendered":"Sa\u00edda de deputados pode facilitar forma\u00e7\u00e3o de chapa, diz Janaina"},"content":{"rendered":"<section class=\"FullLine\">\n<div class=\"conteudo\">\n<h3>Juarez e Emanuelzinho est\u00e3o com p\u00e9 fora da sigla, mas deputada garante que n\u00e3o haver\u00e1 \u201cpuxa\u00e7\u00e3o de tapete\u201d<\/h3>\n<\/div>\n<\/section>\n<section>\n<div class=\"FullLine\">\n<div class=\"conteudo_foto\">\n<div class=\"imgcontent\">\n<p class=\"credito_foto\">Victor Ostetti\/MidiaNews<\/p>\n<p><a href=\"https:\/\/www.midianews.com.br\/\/storage\/webdisco\/2025\/02\/07\/886x590\/e2e1dc22bb8af5265b1996197f2dbc03.jpg\" rel=\"lightbox\" data-title=\"A deputada estadual Janaina Riva, que \u00e9 uma das lideran\u00e7as do MDB em Mato Grosso\"><img loading=\"lazy\" decoding=\"async\" id=\"img_conteudo\" class=\"img-responsive\" src=\"https:\/\/www.midianews.com.br\/\/storage\/webdisco\/2025\/02\/07\/438x291\/e2e1dc22bb8af5265b1996197f2dbc03.jpg\" alt=\"A deputada estadual Janaina Riva, que \u00e9 uma das lideran\u00e7as do MDB em Mato Grosso\" width=\"438\" height=\"292\" border=\"0\" \/><\/a><\/p>\n<p class=\"descricao_foto\">A deputada estadual Janaina Riva, que \u00e9 uma das lideran\u00e7as do MDB em Mato Grosso<\/p>\n<\/div>\n<\/div>\n<div class=\"Font14Bold\">C\u00cdNTIA BORGES<br \/>\nDA REDA\u00c7\u00c3O<\/div>\n<div id=\"texto\" class=\"texto\">\n<p>A deputada estadual Janaina Riva (MDB) apontou que a forma\u00e7\u00e3o de chapas para deputados federais para a elei\u00e7\u00e3o de 2026 ficar\u00e1 mais f\u00e1cil com a poss\u00edvel sa\u00edda dos congressistas Juarez Costa e Emanuelzinho.<\/p>\n<p>&nbsp;<\/p>\n<p>A sa\u00edda dos dois deputados federais da sigla j\u00e1 \u00e9 dada como certa nos bastidores para tentar viabilizar as candidaturas no ano que vem.<\/p>\n<p>&nbsp;<\/p>\n<div class=\"quote-wrapper right\">\n<div class=\"quote-img-wrapper right\"><img decoding=\"async\" class=\"quote-img right\" src=\"https:\/\/www.midianews.com.br\/images\/aspas_right.gif\" \/><\/div>\n<h2 class=\"quote-content\">Construir uma chapa com dois deputados no mandato \u00e9 mais dif\u00edcil do que sem nenhum deputado<\/h2>\n<\/div>\n<p>Juarez \u2013 parlamentar mais alinhado a direita &#8211; dever\u00e1 se filiar ao Republicanos, e Emanuelzinho ao PSD. Eles, no entanto, devem aguardar a abertura da janela partid\u00e1ria, que tem in\u00edcio em mar\u00e7o do ano que vem.<\/p>\n<p>&nbsp;<\/p>\n<p>\u201cConstruir uma chapa com dois deputados no mandato \u00e9 mais dif\u00edcil do que sem nenhum deputado\u201d, disse a deputada.<\/p>\n<div id=\"taboola-mid-article-thumbnails\" class=\"trc_related_container tbl-trecs-container trc_spotlight_widget trc_elastic trc_elastic_alternating-thumbnails-a-mid-article\" data-placement-name=\"Mid Article Thumbnails\">\n<div class=\"trc_rbox_container\">\n<div>\n<div id=\"trc_wrapper_5609587977\" class=\"trc_rbox alternating-thumbnails-a-mid-article trc-content-hybrid\">\n<div id=\"trc_header_5609587977\" class=\"trc_rbox_header trc_rbox_border_elm\">\n<div class=\"trc_header_ext\"><\/div>\n<\/div>\n<\/div>\n<\/div>\n<\/div>\n<\/div>\n<p>&nbsp;<\/p>\n<p>Segundo Janaina a coopta\u00e7\u00e3o de pessoas com interesse em se candidatar e serem eleitas \u00e0 C\u00e2mara Federal fica mais dif\u00edcil com nomes que tentam reelei\u00e7\u00e3o.<\/p>\n<p>&nbsp;<\/p>\n<p>\u201cAs pessoas ficam com dez p\u00e9 atr\u00e1s. \u2018Ah, esses j\u00e1 est\u00e3o no mandato\u2019, \u2018n\u00e3o vai dar pra chegar\u2019\u201d, destacou.<\/p>\n<p>&nbsp;<\/p>\n<p><strong>Sem &#8220;puxa\u00e7\u00e3o de tapete&#8221;<\/strong><\/p>\n<p>&nbsp;<\/p>\n<p>A deputada, que uma das lideran\u00e7as mais fortes hoje dentro da sigla cobra, \u00e9 que os se definam at\u00e9 o fim deste ano. No entanto, descartou que o MDB far\u00e1 press\u00e3o para um \u201csaida\u00e7o\u201d.<\/p>\n<p>&nbsp;<\/p>\n<p>\u201cO que a gente vai precisar no partido \u00e9 que eles t\u00eam uma defini\u00e7\u00e3o, pelo menos at\u00e9 o final desse ano, com rela\u00e7\u00e3o \u00e0 vida de cada um. Eles n\u00e3o s\u00e3o inimigos do partido. De jeito nenhum. Mas o partido vai respeitar a decis\u00e3o dos dois. N\u00e3o vai ter puxa\u00e7\u00e3o de tapete\u201d, garantiu.<\/p>\n<p>&nbsp;<\/p>\n<p>\u201cEu acho que \u00e9 uma oportunidade pra gente construir uma chapa nova dentro do partido\u201d, emendou.<\/p>\n<p>&nbsp;<\/p>\n<p>Mato Grosso ter\u00e1 nove cadeiras da C\u00e2mara Federal na legislatura que se inicia em 2027. Por isso, as chapas das siglas \u00e0 deputado federal dever\u00e3o ter, no m\u00ednimo, 10 candidatos.<\/p>\n<\/div>\n<\/div>\n<\/section>\n","protected":false},"excerpt":{"rendered":"<p>Juarez e Emanuelzinho est\u00e3o com p\u00e9 fora da sigla, mas deputada garante que n\u00e3o haver\u00e1<\/p>\n","protected":false},"author":2,"featured_media":52557,"comment_status":"open","ping_status":"open","sticky":false,"template":"","format":"standard","meta":{"footnotes":""},"categories":[13,2],"tags":[1033],"aioseo_notices":[],"_links":{"self":[{"href":"https:\/\/portalnewsgta.com.br\/index.php\/wp-json\/wp\/v2\/posts\/52556"}],"collection":[{"href":"https:\/\/portalnewsgta.com.br\/index.php\/wp-json\/wp\/v2\/posts"}],"about":[{"href":"https:\/\/portalnewsgta.com.br\/index.php\/wp-json\/wp\/v2\/types\/post"}],"author":[{"embeddable":true,"href":"https:\/\/portalnewsgta.com.br\/index.php\/wp-json\/wp\/v2\/users\/2"}],"replies":[{"embeddable":true,"href":"https:\/\/portalnewsgta.com.br\/index.php\/wp-json\/wp\/v2\/comments?post=52556"}],"version-history":[{"count":1,"href":"https:\/\/portalnewsgta.com.br\/index.php\/wp-json\/wp\/v2\/posts\/52556\/revisions"}],"predecessor-version":[{"id":52558,"href":"https:\/\/portalnewsgta.com.br\/index.php\/wp-json\/wp\/v2\/posts\/52556\/revisions\/52558"}],"wp:featuredmedia":[{"embeddable":true,"href":"https:\/\/portalnewsgta.com.br\/index.php\/wp-json\/wp\/v2\/media\/52557"}],"wp:attachment":[{"href":"https:\/\/portalnewsgta.com.br\/index.php\/wp-json\/wp\/v2\/media?parent=52556"}],"wp:term":[{"taxonomy":"category","embeddable":true,"href":"https:\/\/portalnewsgta.com.br\/index.php\/wp-json\/wp\/v2\/categories?post=52556"},{"taxonomy":"post_tag","embeddable":true,"href":"https:\/\/portalnewsgta.com.br\/index.php\/wp-json\/wp\/v2\/tags?post=52556"}],"curies":[{"name":"wp","href":"https:\/\/api.w.org\/{rel}","templated":true}]}}