{"id":52553,"date":"2025-04-22T08:12:50","date_gmt":"2025-04-22T11:12:50","guid":{"rendered":"https:\/\/portalnewsgta.com.br\/?p=52553"},"modified":"2025-04-22T08:12:50","modified_gmt":"2025-04-22T11:12:50","slug":"bolsonaro-e-politicos-lamentam-morte-do-papa-francisco","status":"publish","type":"post","link":"https:\/\/portalnewsgta.com.br\/index.php\/2025\/04\/22\/bolsonaro-e-politicos-lamentam-morte-do-papa-francisco\/","title":{"rendered":"Bolsonaro e pol\u00edticos lamentam morte do papa Francisco"},"content":{"rendered":"<section class=\"FullLine\">\n<div class=\"conteudo\">\n<h3>Presidente Lula decretou luto oficial no pa\u00eds por 7 dias em homenagem ao pont\u00edfice<\/h3>\n<\/div>\n<\/section>\n<section>\n<div class=\"FullLine\">\n<div class=\"conteudo_foto\">\n<div class=\"imgcontent\">\n<p class=\"credito_foto\">Victor Ostetti\/MidiaNews<\/p>\n<p class=\"descricao_foto\">Ex-presidente Bolsonaro e outras lideran\u00e7as se manifestaram ap\u00f3s morte do papa<\/p>\n<\/div>\n<\/div>\n<div class=\"Font14Bold\">DA FOLHAPRESS<\/div>\n<div id=\"texto\" class=\"texto\">\n<p>O ex-presidente Jair Bolsonaro (PL) lamentou nesta segunda-feira (21), assim como outras figuras da pol\u00edtica brasileira, a morte do papa Francisco, argentino que foi o primeiro l\u00edder da Igreja Cat\u00f3lica latino-americano. Jorge Mario Bergoglio morreu aos 88 anos semanas ap\u00f3s interna\u00e7\u00e3o prolongada causada por um quadro de pneumonia.<\/p>\n<p>&nbsp;<\/p>\n<p><strong>Veja abaixo a repercuss\u00e3o:<\/strong><\/p>\n<p>&nbsp;<\/p>\n<p>&#8220;Para o Brasil e o mundo, a figura do Papa sempre foi sinal de unidade, esperan\u00e7a e orienta\u00e7\u00e3o moral. Sua partida nos convida \u00e0 reflex\u00e3o e \u00e0 renova\u00e7\u00e3o da f\u00e9, lembrando-nos da for\u00e7a da espiritualidade como guia para tempos de incerteza.&#8221;<\/p>\n<p>Jair Bolsonaro<\/p>\n<p>Ex-presidente<\/p>\n<div id=\"taboola-mid-article-thumbnails\" class=\"trc_related_container tbl-trecs-container trc_spotlight_widget trc_elastic trc_elastic_alternating-thumbnails-a-mid-article\" data-placement-name=\"Mid Article Thumbnails\">\n<div class=\"trc_rbox_container\">\n<div>\n<div id=\"trc_wrapper_8663537955\" class=\"trc_rbox alternating-thumbnails-a-mid-article trc-content-hybrid\">\n<div id=\"trc_header_8663537955\" class=\"trc_rbox_header trc_rbox_border_elm\">\n<div class=\"trc_header_ext\"><\/div>\n<\/div>\n<\/div>\n<\/div>\n<\/div>\n<\/div>\n<p>&nbsp;<\/p>\n<p>&#8220;O Papa Francisco foi um grande defensor do acesso gratuito \u00e0 sa\u00fade, durante toda a pandemia ergueu sua voz em favor da vacina contra o negacionismo, orou pelos doentes, pelos m\u00e9dicos e por todos os profissionais da sa\u00fade.&#8221;<\/p>\n<p>Alexandre Padilha<\/p>\n<p>Ministro da Sa\u00fade<\/p>\n<p>&nbsp;<\/p>\n<p>&#8220;O Brasil e o mundo amanheceram tristes com a not\u00edcia da morte do Papa Francisco. L\u00edder da Igreja Cat\u00f3lica, Francisco nos deixa um legado de amor ao pr\u00f3ximo, de determina\u00e7\u00e3o na luta pelo fim dos conflitos, de preocupa\u00e7\u00e3o com o planeta.&#8221;<\/p>\n<p>Arthur Lira<\/p>\n<p>Deputado, ex-presidente da C\u00e2mara<\/p>\n<p>&nbsp;<\/p>\n<p>&#8220;O Papa Francisco integra, com destaque eterno, a hist\u00f3ria da nossa Igreja Cat\u00f3lica. Foi um exemplar Crist\u00e3o latino-americano. Em um mundo em que o \u00f3dio virou ind\u00fastria de bilion\u00e1rios, sua prega\u00e7\u00e3o de Estadista da Fraternidade \u00e9 essencial.&#8221;<\/p>\n<p>Fl\u00e1vio Dino<\/p>\n<p>Ministro do STF<\/p>\n<p>&nbsp;<\/p>\n<p>&#8220;Obrigado por tanto, Papa Francisco. Que Deus te receba em sua infinita miseric\u00f3rdia. O mundo, pelo qual o senhor lutou para deixar mais humano e justo, fica com seus ensinamentos sobre f\u00e9 e amor aos que mais precisam.&#8221;<\/p>\n<p>Camilo Santana<\/p>\n<p>Ministro da Educa\u00e7\u00e3o<\/p>\n<p>&nbsp;<\/p>\n<p>&#8220;Hoje, todo o mundo chora a morte do Papa Francisco. Tive a alegria de conhecer este homem simples e de gestos grandiosos que liderou a Igreja Cat\u00f3lica com humildade, resili\u00eancia e amor. Que seja eterna sua mem\u00f3ria e contribui\u00e7\u00e3o para um mundo mais justo e fraterno.&#8221;<\/p>\n<p>Rui Costa<\/p>\n<p>Ministro da Casa Civil<\/p>\n<p>&nbsp;<\/p>\n<p>&#8220;Papa Francisco foi um l\u00edder espiritual de grande coragem, que pregou o respeito, o perd\u00e3o e a caridade. Sua luta e seu servi\u00e7o aos mais necessitados em todos os cantos do planeta inspirou milh\u00f5es de pessoas.&#8221;<\/p>\n<p>Davi Alcolumbre<\/p>\n<p>Presidente do Senado.<\/p>\n<\/div>\n<\/div>\n<\/section>\n","protected":false},"excerpt":{"rendered":"<p>Presidente Lula decretou luto oficial no pa\u00eds por 7 dias em homenagem ao pont\u00edfice Victor<\/p>\n","protected":false},"author":2,"featured_media":52554,"comment_status":"open","ping_status":"open","sticky":false,"template":"","format":"standard","meta":{"footnotes":""},"categories":[13,2],"tags":[1032],"aioseo_notices":[],"_links":{"self":[{"href":"https:\/\/portalnewsgta.com.br\/index.php\/wp-json\/wp\/v2\/posts\/52553"}],"collection":[{"href":"https:\/\/portalnewsgta.com.br\/index.php\/wp-json\/wp\/v2\/posts"}],"about":[{"href":"https:\/\/portalnewsgta.com.br\/index.php\/wp-json\/wp\/v2\/types\/post"}],"author":[{"embeddable":true,"href":"https:\/\/portalnewsgta.com.br\/index.php\/wp-json\/wp\/v2\/users\/2"}],"replies":[{"embeddable":true,"href":"https:\/\/portalnewsgta.com.br\/index.php\/wp-json\/wp\/v2\/comments?post=52553"}],"version-history":[{"count":1,"href":"https:\/\/portalnewsgta.com.br\/index.php\/wp-json\/wp\/v2\/posts\/52553\/revisions"}],"predecessor-version":[{"id":52555,"href":"https:\/\/portalnewsgta.com.br\/index.php\/wp-json\/wp\/v2\/posts\/52553\/revisions\/52555"}],"wp:featuredmedia":[{"embeddable":true,"href":"https:\/\/portalnewsgta.com.br\/index.php\/wp-json\/wp\/v2\/media\/52554"}],"wp:attachment":[{"href":"https:\/\/portalnewsgta.com.br\/index.php\/wp-json\/wp\/v2\/media?parent=52553"}],"wp:term":[{"taxonomy":"category","embeddable":true,"href":"https:\/\/portalnewsgta.com.br\/index.php\/wp-json\/wp\/v2\/categories?post=52553"},{"taxonomy":"post_tag","embeddable":true,"href":"https:\/\/portalnewsgta.com.br\/index.php\/wp-json\/wp\/v2\/tags?post=52553"}],"curies":[{"name":"wp","href":"https:\/\/api.w.org\/{rel}","templated":true}]}}