{"id":52545,"date":"2025-04-22T07:43:47","date_gmt":"2025-04-22T10:43:47","guid":{"rendered":"https:\/\/portalnewsgta.com.br\/index.php\/2025\/04\/22\/vasco-briga-contra-o-lanus-pela-lideranca-do-grupo-g-da-sul-americana-em-sao-januario\/"},"modified":"2025-04-22T07:43:47","modified_gmt":"2025-04-22T10:43:47","slug":"vasco-briga-contra-o-lanus-pela-lideranca-do-grupo-g-da-sul-americana-em-sao-januario","status":"publish","type":"post","link":"https:\/\/portalnewsgta.com.br\/index.php\/2025\/04\/22\/vasco-briga-contra-o-lanus-pela-lideranca-do-grupo-g-da-sul-americana-em-sao-januario\/","title":{"rendered":"Vasco briga contra o Lan\u00fas pela lideran\u00e7a do Grupo G da Sul-Americana em S\u00e3o Janu\u00e1rio"},"content":{"rendered":"<p>O Vasco tem a chance de assumir a lideran\u00e7a do Grupo G da Copa Sul-Americana nesta ter\u00e7a-feira. Em S\u00e3o Janu\u00e1rio, recebe o Lan\u00fas, da Argentina, pela terceira rodada da fase de grupos, \u00e0s 21h30. O duelo re\u00fane os clubes que est\u00e3o nas primeiras posi\u00e7\u00f5es, ambos com quatro pontos.<\/p>\n<div class=\"dummyPub\">\u00a0<\/div>\n<p>O Vasco come\u00e7ou a competi\u00e7\u00e3o com um empate por 3 a 3 diante do Melgar, na altitude de Arequipa, no Peru. Depois, venceu o Puerto Cabello, da Venezuela, em casa, por 1 a 0. Por outro lado, o time argentino estreou com um empate fora de casa contra os venezuelanos, por 1 a 1, e diante da sua torcida, venceu o Melgar por 3 a 0.<\/p>\n<p>O time cruzmaltino tenta diminuir a press\u00e3o sobre o t\u00e9cnico F\u00e1bio Carille. Vaiado em alguns compromissos recentes do clube, ele busca dar a volta por cima de olho na sequ\u00eancia da temporada, mas ainda est\u00e1 na &#8216;corda bamba&#8217;. A sua \u00faltima partida aconteceu no s\u00e1bado, quando empatou por 0 a 0 contra o Flamengo, pelo Brasileir\u00e3o.<\/p>\n<p>Este resultado deu confian\u00e7a ao elenco e mais tranquilidade de trabalho a F\u00e1bio Carille. O Vasco segue sem o meia Dimitri Payet. Desfalque no &#8216;Cl\u00e1ssico dos Milh\u00f5es&#8217;, o franc\u00eas continua no departamento m\u00e9dico por conta de dores no joelho direito. Embora seja relevante pelo peso do nome, o desfalque n\u00e3o afeta diretamente a forma\u00e7\u00e3o titular, j\u00e1 que o camisa 10 vinha sendo cotado apenas para ser reserva de Philippe Coutinho.<\/p>\n<p>O zagueiro Maur\u00edcio Lemos, que se recupera de uma fratura na costela, e o volante Tch\u00ea Tch\u00ea, que passa por um problema familiar, devem aumentar a lista de desfalques. Lucas Freitas continua no setor defensivo ao lado de Jo\u00e3o Victor, enquanto Jair desponta como favorito para atuar no meio-campo junto com Hugo Moura.<\/p>\n<p>O meia Adson pode voltar a ser op\u00e7\u00e3o no banco de reservas. Ele n\u00e3o foi relacionado para a \u00faltima partida por controle de carga. A medida adotada pela comiss\u00e3o t\u00e9cnica tem a finalidade de evitar novos problemas f\u00edsicos, uma vez que ele voltou a jogar nesta temporada depois de ficar sete meses longe dos gramados devido a uma fratura na t\u00edbia da perna direita.<\/p>\n<p>O Lan\u00fas vive momento conturbado. Assim como o Vasco, chega ap\u00f3s um confronto contra o seu maior rival. No \u00faltimo domingo, encarou o Banfield, em duelo que terminou empatado por 1 a 1. Depois de 14 jogos no Campeonato Argentino, o clube ocupa o 17\u00b0 lugar e v\u00ea o t\u00e9cnico Mauricio Pellegrino sofrer grande press\u00e3o de parte da torcida.<\/p>\n<p>O Lan\u00fas soma seis empates nas \u00faltimas oito partidas e venceu apenas um dos \u00faltimos dez compromissos que teve na competi\u00e7\u00e3o nacional. Com uma situa\u00e7\u00e3o parecida com a vivida por Carille, Pellegrino v\u00ea a vit\u00f3ria fora de casa como uma possibilidade de amenizar a crise e &#8216;fazer as pazes&#8217; com os torcedores.<\/p>\n<p>O time conta com dois atletas que j\u00e1 atuaram no futebol brasileiro: o atacante Walter Bou, que defendeu o Vit\u00f3ria em 2021, mas que teve uma passagem apagada, e o meia Marcelino Moreno, um dos poucos destaques do Coritiba em 2023, ano em que o Coxa foi rebaixado para a S\u00e9rie B do Brasileir\u00e3o. O meia Eduardo Salvio, ex-Benfica e Boca Juniors, tamb\u00e9m chama aten\u00e7\u00e3o e soma tr\u00eas gols nos \u00faltimos quatro jogos.<\/p>\n<p><span class=\"news_bold\">FICHA T\u00c9CNICA<\/span><\/p>\n<p><span class=\"news_bold\">VASCO X LAN\u00daS<\/span><\/p>\n<p>VASCO &#8211; L\u00e9o Jardim; Paulo Henrique, Jo\u00e3o Victor, Maur\u00edcio Lemos e Lucas Piton; Hugo Moura, Jair, Nuno Moreira e Philippe Coutinho; Rayan (Garr\u00e9) e Vegetti. T\u00e9cnico: F\u00e1bio Carille.<\/p>\n<p>LAN\u00daS &#8211; Losada; Armando M\u00e9ndez, Mu\u00f1oz, Carlos Izquierdoz e Marcich; Agustin Cardozo, Agustin Medina e Marcelino Moreno; Ramiro Carrera, Walter Bou (Bruno Cabrera) e Eduardo Salvio. T\u00e9cnico: Manuel Pellegrino.<\/p>\n<p>\u00c1RBITRO &#8211; Gery Vargas (BOL).<\/p>\n<p>HOR\u00c1RIO &#8211; 21h30.<\/p>\n<p>LOCAL &#8211; Est\u00e1dio S\u00e3o Janu\u00e1rio, no Rio de Janeiro (RJ).<\/p>\n<p>Leia Tamb\u00e9m: <a href=\"https:\/\/www.noticiasaominuto.com.br\/esporte\/2277578\/klopp-entra-no-radar-do-real-madrid-e-pode-substituir-ancelotti\" target=\"_blank\" rel=\"noopener\">Klopp entra no radar do Real Madrid e pode substituir Ancelotti<\/a><\/p>\n<p>Fonte: noticiasaominuto.com.br<\/p>\n","protected":false},"excerpt":{"rendered":"<p>O Vasco tem a chance de assumir a lideran\u00e7a do Grupo G da Copa Sul-Americana<\/p>\n","protected":false},"author":0,"featured_media":52546,"comment_status":"open","ping_status":"open","sticky":false,"template":"","format":"standard","meta":{"footnotes":""},"categories":[4],"tags":[],"aioseo_notices":[],"_links":{"self":[{"href":"https:\/\/portalnewsgta.com.br\/index.php\/wp-json\/wp\/v2\/posts\/52545"}],"collection":[{"href":"https:\/\/portalnewsgta.com.br\/index.php\/wp-json\/wp\/v2\/posts"}],"about":[{"href":"https:\/\/portalnewsgta.com.br\/index.php\/wp-json\/wp\/v2\/types\/post"}],"replies":[{"embeddable":true,"href":"https:\/\/portalnewsgta.com.br\/index.php\/wp-json\/wp\/v2\/comments?post=52545"}],"version-history":[{"count":0,"href":"https:\/\/portalnewsgta.com.br\/index.php\/wp-json\/wp\/v2\/posts\/52545\/revisions"}],"wp:featuredmedia":[{"embeddable":true,"href":"https:\/\/portalnewsgta.com.br\/index.php\/wp-json\/wp\/v2\/media\/52546"}],"wp:attachment":[{"href":"https:\/\/portalnewsgta.com.br\/index.php\/wp-json\/wp\/v2\/media?parent=52545"}],"wp:term":[{"taxonomy":"category","embeddable":true,"href":"https:\/\/portalnewsgta.com.br\/index.php\/wp-json\/wp\/v2\/categories?post=52545"},{"taxonomy":"post_tag","embeddable":true,"href":"https:\/\/portalnewsgta.com.br\/index.php\/wp-json\/wp\/v2\/tags?post=52545"}],"curies":[{"name":"wp","href":"https:\/\/api.w.org\/{rel}","templated":true}]}}