{"id":52018,"date":"2025-04-15T08:42:55","date_gmt":"2025-04-15T11:42:55","guid":{"rendered":"https:\/\/portalnewsgta.com.br\/index.php\/2025\/04\/15\/vasco-visita-o-ceara-em-busca-de-segunda-vitoria-consecutiva-no-brasileirao\/"},"modified":"2025-04-15T08:42:55","modified_gmt":"2025-04-15T11:42:55","slug":"vasco-visita-o-ceara-em-busca-de-segunda-vitoria-consecutiva-no-brasileirao","status":"publish","type":"post","link":"https:\/\/portalnewsgta.com.br\/index.php\/2025\/04\/15\/vasco-visita-o-ceara-em-busca-de-segunda-vitoria-consecutiva-no-brasileirao\/","title":{"rendered":"Vasco visita o Cear\u00e1 em busca de segunda vit\u00f3ria consecutiva no Brasileir\u00e3o"},"content":{"rendered":"<p>Embalado pela vit\u00f3ria em casa por 3 a 1 sobre o Sport, o Vasco quer vencer novamente para amenizar a press\u00e3o da torcida contra o t\u00e9cnico F\u00e1bio Carille. Nesta ter\u00e7a-feira, o clube carioca ter\u00e1 pela frente o Cear\u00e1, pela quarta rodada do Campeonato Brasileiro. O duelo acontecer\u00e1 no Castel\u00e3o, \u00e0s 21h30.<\/p>\n<div class=\"dummyPub\">\u00a0<\/div>\n<p>Na \u00faltima quarta-feira, antes do triunfo sobre o Sport por 3 a 1, o Vasco conseguiu uma importante vit\u00f3ria por 1 a 0 contra o Puerto Cabello, pela Sul-Americana. No entanto, Carille foi extremamente vaiado por grande parte da torcida ap\u00f3s o jogo. Com duas vit\u00f3rias e uma derrota, o time \u00e9 o quarto colocado do Brasileiro, com seis pontos, um atr\u00e1s dos l\u00edderes Flamengo e Palmeiras.<\/p>\n<p>Por outro lado, o Cear\u00e1 quer se recuperar depois de uma dura derrota para o Juventude, fora de casa, por 2 a 1. Em oitavo lugar, com quatro pontos, o clube soma uma vit\u00f3ria, um empate e uma derrota.<\/p>\n<p>O Vasco n\u00e3o poder\u00e1 contar com quatro titulares. O zagueiro Maur\u00edcio Lemos se recupera de uma fratura na costela, o volante Tch\u00ea Tch\u00ea n\u00e3o ser\u00e1 relacionado devido a um problema familiar e o meia Philippe Coutinho passar\u00e1 por um controle de carga para evitar o desgaste f\u00edsico. O trio deve ser substitu\u00eddo por Lucas Freitas, Dimitri Payet e Paulinho, respectivamente.<\/p>\n<p>Reserva de Paulo Henrique, o lateral-direito Puma Rodr\u00edguez tamb\u00e9m n\u00e3o estar\u00e1 \u00e0 disposi\u00e7\u00e3o. O uruguaio foi liberado pelo clube para acompanhar o nascimento de seu filho. Lesionados desde a \u00faltima temporada, o meia Guilherme Estrella e o atacante David aumentam a lista de desfalques.<\/p>\n<p>Em entrevista coletiva, F\u00e1bio Carille comentou sobre as cr\u00edticas que recebeu da torcida e garantiu que internamente, o ambiente \u00e9 de confian\u00e7a e respaldo com o seu trabalho. &#8220;N\u00e3o me sinto pressionado internamente. Sou muito claro com meu trabalho. Os diretores acompanham, veem v\u00eddeos, participam das conversas com os jogadores. Dentro do nosso CT, n\u00e3o houve d\u00favidas.&#8221;<\/p>\n<p>O Cear\u00e1 tem problemas em alguns setores por ordem m\u00e9dica, mas dever\u00e1 manter a base que foi a campo contra o Juventude. Os laterais-esquerdos Matheus Bahia e Nicolas, que n\u00e3o atuaram por desconforto muscular na parte anterior da coxa esquerda e les\u00e3o no adutor coxa direita, respectivamente, seguem longe dos gramados. Com pubalgia, o meia Lucas Mugni aumenta a lista de desfalques.<\/p>\n<p>Al\u00e9m do trio, a comiss\u00e3o t\u00e9cnica n\u00e3o poder\u00e1 contar com outros dois jogadores. Conforme o \u00faltimo boletim divulgado pelo time alvinegro, os atacantes Bruno Tubar\u00e3o (fase inicial da transi\u00e7\u00e3o) e Pedro Henrique, na transi\u00e7\u00e3o de fato, s\u00e3o aguardados para serem liberados do fim de semana em diante. O Cear\u00e1 deve ter apenas uma mudan\u00e7a contra o Vasco. O volante Louren\u00e7o, que iniciou a \u00faltima partida como titular, provavelmente ser\u00e1 substitu\u00eddo por Fernando Sobral.<\/p>\n<p>O t\u00e9cnico L\u00e9o Cond\u00e9 falou sobre a dificuldade que \u00e9 enfrentar o Juventude fora de casa, mas destacou que o grupo precisa focar no jogo contra o Vasco para dar a volta por cima no Castel\u00e3o. &#8220;O campeonato \u00e9 dif\u00edcil, \u00e9 sempre complicado jogar com o Juventude no Jaconi. Agora nos cabe a mobiliza\u00e7\u00e3o e o pensamento no jogo contra o Vasco, para a gente chegar forte e buscar uma vit\u00f3ria diante do nosso torcedor.&#8221;<\/p>\n<p>FICHA T\u00c9CNICA<\/p>\n<p>CEAR\u00c1 X VASCO<\/p>\n<p>CEAR\u00c1 &#8211; Bruno Ferreira; Fabiano Souza, Marllon, \u00c9der e Willian Machado; Dieguinho, Fernando Sobral e Matheus Ara\u00fajo; Galeano, Pedro Raul e Aylon. T\u00e9cnico: L\u00e9o Cond\u00e9.<\/p>\n<p>VASCO &#8211; L\u00e9o Jardim; Paulo Henrique, Jo\u00e3o Victor, Lucas Freitas e Lucas Piton; Hugo Moura, Paulinho, Nuno Moreira e Payet; Vegetti e Garr\u00e9. T\u00e9cnico: F\u00e1bio Carille.<\/p>\n<p>\u00c1RBITRO &#8211; Rafael Rodrigo Klein (RS).<\/p>\n<p>HOR\u00c1RIO &#8211; 21h30.<\/p>\n<p>LOCAL &#8211; Arena Castel\u00e3o, em Fortaleza (CE).<\/p>\n<p>Leia Tamb\u00e9m: <a href=\"https:\/\/www.noticiasaominuto.com.br\/esporte\/2275946\/expulsao-de-mbappe-preocupa-real-antes-de-jogo-decisivo-com-arsenal\" target=\"_blank\" rel=\"noopener\">Expuls\u00e3o de Mbapp\u00e9 preocupa Real antes de jogo decisivo com Arsenal<\/a><\/p>\n<p>Fonte: noticiasaominuto.com.br<\/p>\n","protected":false},"excerpt":{"rendered":"<p>Embalado pela vit\u00f3ria em casa por 3 a 1 sobre o Sport, o Vasco quer<\/p>\n","protected":false},"author":0,"featured_media":52019,"comment_status":"open","ping_status":"open","sticky":false,"template":"","format":"standard","meta":{"footnotes":""},"categories":[4],"tags":[],"aioseo_notices":[],"_links":{"self":[{"href":"https:\/\/portalnewsgta.com.br\/index.php\/wp-json\/wp\/v2\/posts\/52018"}],"collection":[{"href":"https:\/\/portalnewsgta.com.br\/index.php\/wp-json\/wp\/v2\/posts"}],"about":[{"href":"https:\/\/portalnewsgta.com.br\/index.php\/wp-json\/wp\/v2\/types\/post"}],"replies":[{"embeddable":true,"href":"https:\/\/portalnewsgta.com.br\/index.php\/wp-json\/wp\/v2\/comments?post=52018"}],"version-history":[{"count":0,"href":"https:\/\/portalnewsgta.com.br\/index.php\/wp-json\/wp\/v2\/posts\/52018\/revisions"}],"wp:featuredmedia":[{"embeddable":true,"href":"https:\/\/portalnewsgta.com.br\/index.php\/wp-json\/wp\/v2\/media\/52019"}],"wp:attachment":[{"href":"https:\/\/portalnewsgta.com.br\/index.php\/wp-json\/wp\/v2\/media?parent=52018"}],"wp:term":[{"taxonomy":"category","embeddable":true,"href":"https:\/\/portalnewsgta.com.br\/index.php\/wp-json\/wp\/v2\/categories?post=52018"},{"taxonomy":"post_tag","embeddable":true,"href":"https:\/\/portalnewsgta.com.br\/index.php\/wp-json\/wp\/v2\/tags?post=52018"}],"curies":[{"name":"wp","href":"https:\/\/api.w.org\/{rel}","templated":true}]}}