{"id":51517,"date":"2025-04-10T09:34:31","date_gmt":"2025-04-10T12:34:31","guid":{"rendered":"https:\/\/portalnewsgta.com.br\/?p=51517"},"modified":"2025-04-10T09:34:31","modified_gmt":"2025-04-10T12:34:31","slug":"sema-realiza-curso-de-monitores-de-unidade-de-conservacao-no-parque-estadual-serra-azul","status":"publish","type":"post","link":"https:\/\/portalnewsgta.com.br\/index.php\/2025\/04\/10\/sema-realiza-curso-de-monitores-de-unidade-de-conservacao-no-parque-estadual-serra-azul\/","title":{"rendered":"Sema realiza curso de Monitores de Unidade de Conserva\u00e7\u00e3o no Parque Estadual Serra Azul"},"content":{"rendered":"<h2 class=\"subtitulo mb-1\">O curso \u00e9 voltado para vigilantes patrimoniais do parque e monitores e guias tur\u00edsticos da regi\u00e3o<\/h2>\n<div class=\"autor mb-1\">Renata Prata | Sema-MT<\/div>\n<div><\/div>\n<div>\n<section id=\"content\" class=\"\">\n<div id=\"main-content\" class=\"layout-content portlet-layout\" role=\"main\">\n<div class=\"lfr-layout-structure-item-basic-component-html lfr-layout-structure-item-bda1c57d-ebfb-7ab5-34ae-f5ebeccc3ede \">\n<div id=\"fragment-4c49a55a-a8a3-0198-1700-c70fd2343c79\">\n<div class=\"component-html\" data-lfr-editable-id=\"element-html\" data-lfr-editable-type=\"html\">\n<div class=\"container-fluid viewNoticia mt-4 mb-5\">\n<div class=\"container-fluid pt-4 pb-4\">\n<div class=\"container\">\n<div class=\"row text-center legenda_foto mt-2\">\n<div class=\"col-12\"><b>Cr\u00e9dito &#8211;\u00a0<\/b>Sema-MT<\/div>\n<\/div>\n<\/div>\n<\/div>\n<div class=\"container mt-5\">\n<div class=\"row justify-content-md-center\">\n<div class=\"col-sm-11 conteudo\">\n<p>A Secretaria de Estado de Meio Ambiente (Sema) realiza o curso de monitores de Unidades de Conserva\u00e7\u00e3o no Parque Estadual Serra Azul, em Barra do Gar\u00e7as. S\u00e3o 20 participantes que atuam como vigilantes patrimoniais que prestam servi\u00e7o ao Estado e tamb\u00e9m a monitores e guias tur\u00edsticos da regi\u00e3o, que fazem o trabalho de campo em contato direto com os visitantes.<\/p>\n<p>O Parque Serra Azul foi escolhido para receber o projeto piloto, que dever\u00e1 ser replicado em outras Unidades de Conserva\u00e7\u00e3o do Estado j\u00e1 abertas \u00e0 visita\u00e7\u00e3o p\u00fablica. \u201cA Sema tem fortalecido o di\u00e1logo e investido na forma\u00e7\u00e3o das comunidades que vivem no entorno das Unidades de Conserva\u00e7\u00e3o, buscando o engajamento dessas pessoas na prote\u00e7\u00e3o dessas \u00e1reas\u201d, destaca a superintendente de Educa\u00e7\u00e3o Ambiental e Atendimento ao Cidad\u00e3o, Juliana Carvalho.<\/p>\n<p>O objetivo do curso \u00e9 a forma\u00e7\u00e3o t\u00e9cnica dos profissionais na tem\u00e1tica ambiental, voltada \u00e0s Unidades de Conserva\u00e7\u00e3o. O intuito \u00e9 ampliar a qualidade e capacidade de atendimento a sociedade em geral que frequenta estes espa\u00e7os, buscando a integra\u00e7\u00e3o sustent\u00e1vel dos visitantes com a natureza.<\/p>\n<p>O curso foi realizado na modalidade presencial, nos dias 08 e 09.4, com trilhas pr\u00e1ticas para os monitores, apresenta\u00e7\u00e3o da tem\u00e1tica ambiental na Unidade de Conserva\u00e7\u00e3o e modalidades sobre a import\u00e2ncia da sustentabilidade, demonstra\u00e7\u00e3o do papel da educa\u00e7\u00e3o ambiental para o cuidado das Unidades de Conserva\u00e7\u00e3o e o papel do monitor ressaltando a import\u00e2ncia de sua fun\u00e7\u00e3o e conhecimento.<\/p>\n<p>\u201cO curso foi voltado para um p\u00fablico que j\u00e1 det\u00e9m esse conhecimento como forma de capacitar quando for conduzir visitantes locais ou turistas pela Unidade de Conserva\u00e7\u00e3o. O curso \u00e9 dividido em m\u00f3dulos presencial, virtual e pr\u00e1tica. O treinamento pr\u00e1tico aprofunda nos conhecimentos sobre atrativos, amea\u00e7as, oportunidades e riscos dentro da Unidade de Conserva\u00e7\u00e3o para profissionais tanto privados como para os que ocupam os postos de vigil\u00e2ncia dentro do parque\u201d, afirma a Gerente Regional do Parque Estadual Serra Azul e APA P\u00e9 da Serra Azul, Cristiane Schnepfleitner.<\/p>\n<\/div>\n<\/div>\n<\/div>\n<\/div>\n<\/div>\n<\/div>\n<\/div>\n<div><\/div>\n<\/div>\n<\/section>\n<div class=\"container-fluid\"><\/div>\n<\/div>\n","protected":false},"excerpt":{"rendered":"<p>O curso \u00e9 voltado para vigilantes patrimoniais do parque e monitores e guias tur\u00edsticos da<\/p>\n","protected":false},"author":2,"featured_media":51518,"comment_status":"open","ping_status":"open","sticky":false,"template":"","format":"standard","meta":{"footnotes":""},"categories":[7,13],"tags":[663],"aioseo_notices":[],"_links":{"self":[{"href":"https:\/\/portalnewsgta.com.br\/index.php\/wp-json\/wp\/v2\/posts\/51517"}],"collection":[{"href":"https:\/\/portalnewsgta.com.br\/index.php\/wp-json\/wp\/v2\/posts"}],"about":[{"href":"https:\/\/portalnewsgta.com.br\/index.php\/wp-json\/wp\/v2\/types\/post"}],"author":[{"embeddable":true,"href":"https:\/\/portalnewsgta.com.br\/index.php\/wp-json\/wp\/v2\/users\/2"}],"replies":[{"embeddable":true,"href":"https:\/\/portalnewsgta.com.br\/index.php\/wp-json\/wp\/v2\/comments?post=51517"}],"version-history":[{"count":1,"href":"https:\/\/portalnewsgta.com.br\/index.php\/wp-json\/wp\/v2\/posts\/51517\/revisions"}],"predecessor-version":[{"id":51519,"href":"https:\/\/portalnewsgta.com.br\/index.php\/wp-json\/wp\/v2\/posts\/51517\/revisions\/51519"}],"wp:featuredmedia":[{"embeddable":true,"href":"https:\/\/portalnewsgta.com.br\/index.php\/wp-json\/wp\/v2\/media\/51518"}],"wp:attachment":[{"href":"https:\/\/portalnewsgta.com.br\/index.php\/wp-json\/wp\/v2\/media?parent=51517"}],"wp:term":[{"taxonomy":"category","embeddable":true,"href":"https:\/\/portalnewsgta.com.br\/index.php\/wp-json\/wp\/v2\/categories?post=51517"},{"taxonomy":"post_tag","embeddable":true,"href":"https:\/\/portalnewsgta.com.br\/index.php\/wp-json\/wp\/v2\/tags?post=51517"}],"curies":[{"name":"wp","href":"https:\/\/api.w.org\/{rel}","templated":true}]}}