{"id":51483,"date":"2025-04-09T19:43:06","date_gmt":"2025-04-09T22:43:06","guid":{"rendered":"https:\/\/portalnewsgta.com.br\/index.php\/2025\/04\/09\/anitta-apoia-demarcar-terras-indigenas-em-campanha\/"},"modified":"2025-04-09T19:43:06","modified_gmt":"2025-04-09T22:43:06","slug":"anitta-apoia-demarcar-terras-indigenas-em-campanha","status":"publish","type":"post","link":"https:\/\/portalnewsgta.com.br\/index.php\/2025\/04\/09\/anitta-apoia-demarcar-terras-indigenas-em-campanha\/","title":{"rendered":"Anitta apoia demarcar terras ind\u00edgenas em campanha"},"content":{"rendered":"<p>S\u00c3O PAULO, SP (UOL\/FOLHAPRESS) &#8211; Anitta entrou em campanha que pede demarca\u00e7\u00e3o de terras ind\u00edgenas.<\/p>\n<div class=\"dummyPub\">\u00a0<\/div>\n<p>Cantora compartilhou v\u00eddeo no Instagram conscientizando sobre a import\u00e2ncia de demarcar terras ind\u00edgenas em benef\u00edcio de todos: &#8220;Voc\u00ea j\u00e1 deve saber que as florestas regulam nosso clima. E sabe quem protege essas florestas h\u00e1 milhares de anos, prestando servi\u00e7os ao pa\u00eds inteiro e sustentando parte importante da economia? S\u00e3o os povos ind\u00edgenas&#8221;, escreveu Anitta.<\/p>\n<p>Na campanha, Anitta fala sobre o agroneg\u00f3cio brasileiro depender de chuvas, proveniente em grande parte da Amaz\u00f4nica, onde est\u00e3o boa parte das terras ind\u00edgenas do Brasil: &#8220;Sem floresta, n\u00e3o tem chuva. Sem chuva, n\u00e3o tem agro. Sem agro n\u00e3o tem comida nem economia. Tem gente querendo abrir essas terras para garimpo, minera\u00e7\u00e3o, hidrel\u00e9trica. S\u00f3 que se isso acontecer vai faltar \u00e1gua, comida e sobrar desastre&#8221;.<\/p>\n<p>O alerta de Anitta continua com as consequ\u00eancias provocadas pelo n\u00e3o cuidado da floresta -e n\u00e3o demarca\u00e7\u00e3o das terras: &#8220;Depois o pre\u00e7o explode no mercado e a conta vai chegar para todo mundo, inclusive voc\u00ea. As terras ind\u00edgenas mant\u00eam as florestas em p\u00e9, a chuva caindo e a economia girando. Tudo isso sem destruir nada&#8221;.<\/p>\n<p>A campanha &#8220;Brasil Ind\u00edgenas, Terra Demarcada&#8221; pela demarca\u00e7\u00e3o de terras ind\u00edgenas no Brasil conta com outros famosos como Juliette, Gl\u00f3ria Pires, Djavan, Marcos Palmeira, Dira Paes, Xam\u00e3 e Klebber Toledo.<\/p>\n<p>No v\u00eddeo, Anitta tamb\u00e9m aparece usando uma das camisetas da campanha e enumera fatos que levam \u00e0 reflex\u00e3o: &#8220;80% das terras do agro no Brasil dependem das chuvas que v\u00eam das Terras Ind\u00edgenas. (&#8230;) Demarca\u00e7\u00e3o j\u00e1! Porque floresta em p\u00e9 \u00e9 vida pra todo mundo&#8221;.<\/p>\n<p>Mobiliza\u00e7\u00e3o \u00e9 liderada pela M\u00eddia Ind\u00edgena, Apip (Articula\u00e7\u00e3o dos Povos Ind\u00edgenas do Brasil), Anmiga (Articula\u00e7\u00e3o Nacional das Mulheres Ind\u00edgenas Guerreiras da Ancestralidade) e o ISA (Instituto Socioambiental).<\/p>\n<p>A campanha ganha ainda mais for\u00e7a neste m\u00eas, quando milhares de lideran\u00e7as ind\u00edgenas se re\u00fanem em Bras\u00edlia para o ATL (Acampamento Terra Livre) 2025, maior mobiliza\u00e7\u00e3o ind\u00edgena do mundo. Uma das pautas do movimento \u00e9 a luta contra o marco temporal, tese ruralista que amea\u00e7a os direitos constitucionais dos povos origin\u00e1rios e pode agravar ainda mais a crise clim\u00e1tica com a destrui\u00e7\u00e3o de florestas.<\/p>\n<p>Fonte: noticiasaominuto.com.br<\/p>\n","protected":false},"excerpt":{"rendered":"<p>S\u00c3O PAULO, SP (UOL\/FOLHAPRESS) &#8211; Anitta entrou em campanha que pede demarca\u00e7\u00e3o de terras ind\u00edgenas.<\/p>\n","protected":false},"author":0,"featured_media":51484,"comment_status":"open","ping_status":"open","sticky":false,"template":"","format":"standard","meta":{"footnotes":""},"categories":[6],"tags":[],"aioseo_notices":[],"_links":{"self":[{"href":"https:\/\/portalnewsgta.com.br\/index.php\/wp-json\/wp\/v2\/posts\/51483"}],"collection":[{"href":"https:\/\/portalnewsgta.com.br\/index.php\/wp-json\/wp\/v2\/posts"}],"about":[{"href":"https:\/\/portalnewsgta.com.br\/index.php\/wp-json\/wp\/v2\/types\/post"}],"replies":[{"embeddable":true,"href":"https:\/\/portalnewsgta.com.br\/index.php\/wp-json\/wp\/v2\/comments?post=51483"}],"version-history":[{"count":0,"href":"https:\/\/portalnewsgta.com.br\/index.php\/wp-json\/wp\/v2\/posts\/51483\/revisions"}],"wp:featuredmedia":[{"embeddable":true,"href":"https:\/\/portalnewsgta.com.br\/index.php\/wp-json\/wp\/v2\/media\/51484"}],"wp:attachment":[{"href":"https:\/\/portalnewsgta.com.br\/index.php\/wp-json\/wp\/v2\/media?parent=51483"}],"wp:term":[{"taxonomy":"category","embeddable":true,"href":"https:\/\/portalnewsgta.com.br\/index.php\/wp-json\/wp\/v2\/categories?post=51483"},{"taxonomy":"post_tag","embeddable":true,"href":"https:\/\/portalnewsgta.com.br\/index.php\/wp-json\/wp\/v2\/tags?post=51483"}],"curies":[{"name":"wp","href":"https:\/\/api.w.org\/{rel}","templated":true}]}}