{"id":51455,"date":"2025-04-09T13:43:00","date_gmt":"2025-04-09T16:43:00","guid":{"rendered":"https:\/\/portalnewsgta.com.br\/index.php\/2025\/04\/09\/por-que-flamengo-renovou-com-gerson-mesmo-com-contrato-anterior-ate-2027\/"},"modified":"2025-04-09T13:43:00","modified_gmt":"2025-04-09T16:43:00","slug":"por-que-flamengo-renovou-com-gerson-mesmo-com-contrato-anterior-ate-2027","status":"publish","type":"post","link":"https:\/\/portalnewsgta.com.br\/index.php\/2025\/04\/09\/por-que-flamengo-renovou-com-gerson-mesmo-com-contrato-anterior-ate-2027\/","title":{"rendered":"Por que Flamengo renovou com Gerson mesmo com contrato anterior at\u00e9 2027"},"content":{"rendered":"<p>RIO DE JANEIRO, RJ (UOL\/FOLHAPRESS) &#8211; As negocia\u00e7\u00f5es pela renova\u00e7\u00e3o de contrato de Gerson com o Flamengo at\u00e9 2030 se transformaram em uma novela com cap\u00edtulos que se anteciparam em dois anos, j\u00e1 que o v\u00ednculo anterior do meia era at\u00e9 2027. O Rubro-Negro, por\u00e9m, teve motivos para acelerar este acordo com o \u00eddolo.<\/p>\n<div class=\"dummyPub\">\u00a0<\/div>\n<p><span class=\"news_bold\">VALORIZA\u00c7\u00c3O<\/span><\/p>\n<p>Gerson est\u00e1 valorizado no mercado e despertava o interesse de clubes europeus. O Zenit, da R\u00fassia, por exemplo, tentou uma investida no meia.<br \/>O &#8220;Coringa&#8221; tamb\u00e9m tem sido constantemente convocado para a sele\u00e7\u00e3o brasileira. Com o t\u00e9cnico Dorival J\u00fanior, costumava ser titular, como na partida contra a Col\u00f4mbia, na \u00faltima Data Fifa, onde foi substitu\u00eddo por sentir dores na coxa.<\/p>\n<p><span class=\"news_bold\">JUSTI\u00c7A<\/span><\/p>\n<p>O Flamengo entendeu que era justa a reivindica\u00e7\u00e3o de seu estafe por uma valoriza\u00e7\u00e3o salarial. Gerson possu\u00eda o mesmo vencimento de quando voltou para o clube, em 2023, estando bem abaixo dos sal\u00e1rios dos principais jogadores do elenco atual.<\/p>\n<p>Entre propostas e contrapropostas, os dois lados cederam. O Rubro-Negro entende que ofereceu um aumento consider\u00e1vel mesmo n\u00e3o sendo a pedida inicial dos empres\u00e1rios.<\/p>\n<p><span class=\"news_bold\">IDOLATRIA E VONTADE DE FICAR<\/span><\/p>\n<p>Gerson \u00e9 um dos principais \u00eddolos da atual gera\u00e7\u00e3o vitoriosa do Flamengo. O meia sempre priorizou ficar no Rubro-Negro, seu clube de cora\u00e7\u00e3o, apesar de ter sido revelado pelo Fluminense.<\/p>\n<p>Mais maduro ap\u00f3s virar pai, transformou-se em l\u00edder e capit\u00e3o no decorrer de sua trajet\u00f3ria no clube. O esp\u00edrito de lideran\u00e7a trouxe reflexos positivos em companheiros, como no lateral-direito Wesley, que virou destaque e chegou a sele\u00e7\u00e3o. Tal lado extracampo tamb\u00e9m foi colocado na balan\u00e7a.<\/p>\n<p>&#8220;N\u00e3o havia uma necessidade de renovar o contrato porque ele tinha o contrato por mais um ano e meio, mas havia a necessidade de valorizar algu\u00e9m que \u00e9 importante dentro e fora do campo. Foi isso que aconteceu. Chegamos a um acordo. E estamos todos contentes&#8221;, disse Jos\u00e9 Boto, diretor de futebol, \u00e0 Flamengo TV.<\/p>\n<p><span class=\"news_bold\">CONTRATO MAIS LONGO DO ELENCO<\/span><\/p>\n<p>Com o final feliz, Gerson passou a ter o contrato mais longo do atual elenco, embora n\u00e3o possua o maior sal\u00e1rio.<\/p>\n<p>Gerson coleciona uma s\u00e9rie de t\u00edtulos pelo Rubro-Negro. Ele \u00e9 campe\u00e3o da Libertadores (2019), da Recopa Sul-Americana (2020), bicampe\u00e3o brasileiro (2019 e 2020), campe\u00e3o da Copa do Brasil (2024), tricampe\u00e3o da Supercopa do Brasil (2020, 2021 e 2025) e tetracampe\u00e3o carioca (2020, 2021, 2024 e 2025).<\/p>\n<p>&#8220;A dire\u00e7\u00e3o do clube reconheceu a valoriza\u00e7\u00e3o, eles n\u00e3o tinham necessidade nenhuma disso. Mas estou contente por eles verem o que eu fa\u00e7o dentro de campo. Feliz e agrade\u00e7o a todos. A renova\u00e7\u00e3o n\u00e3o me faz relaxar, me d\u00e1 combust\u00edvel para fazer o meu melhor&#8221;, disse Gerson \u00e0 Flamengo TV.<\/p>\n<p>Fonte: noticiasaominuto.com.br<\/p>\n","protected":false},"excerpt":{"rendered":"<p>RIO DE JANEIRO, RJ (UOL\/FOLHAPRESS) &#8211; As negocia\u00e7\u00f5es pela renova\u00e7\u00e3o de contrato de Gerson com<\/p>\n","protected":false},"author":0,"featured_media":51456,"comment_status":"open","ping_status":"open","sticky":false,"template":"","format":"standard","meta":{"footnotes":""},"categories":[4],"tags":[],"aioseo_notices":[],"_links":{"self":[{"href":"https:\/\/portalnewsgta.com.br\/index.php\/wp-json\/wp\/v2\/posts\/51455"}],"collection":[{"href":"https:\/\/portalnewsgta.com.br\/index.php\/wp-json\/wp\/v2\/posts"}],"about":[{"href":"https:\/\/portalnewsgta.com.br\/index.php\/wp-json\/wp\/v2\/types\/post"}],"replies":[{"embeddable":true,"href":"https:\/\/portalnewsgta.com.br\/index.php\/wp-json\/wp\/v2\/comments?post=51455"}],"version-history":[{"count":0,"href":"https:\/\/portalnewsgta.com.br\/index.php\/wp-json\/wp\/v2\/posts\/51455\/revisions"}],"wp:featuredmedia":[{"embeddable":true,"href":"https:\/\/portalnewsgta.com.br\/index.php\/wp-json\/wp\/v2\/media\/51456"}],"wp:attachment":[{"href":"https:\/\/portalnewsgta.com.br\/index.php\/wp-json\/wp\/v2\/media?parent=51455"}],"wp:term":[{"taxonomy":"category","embeddable":true,"href":"https:\/\/portalnewsgta.com.br\/index.php\/wp-json\/wp\/v2\/categories?post=51455"},{"taxonomy":"post_tag","embeddable":true,"href":"https:\/\/portalnewsgta.com.br\/index.php\/wp-json\/wp\/v2\/tags?post=51455"}],"curies":[{"name":"wp","href":"https:\/\/api.w.org\/{rel}","templated":true}]}}