{"id":51447,"date":"2025-04-09T11:43:03","date_gmt":"2025-04-09T14:43:03","guid":{"rendered":"https:\/\/portalnewsgta.com.br\/index.php\/2025\/04\/09\/flamengo-enfrenta-o-central-cordoba-pela-copa-libertadores\/"},"modified":"2025-04-09T11:43:03","modified_gmt":"2025-04-09T14:43:03","slug":"flamengo-enfrenta-o-central-cordoba-pela-copa-libertadores","status":"publish","type":"post","link":"https:\/\/portalnewsgta.com.br\/index.php\/2025\/04\/09\/flamengo-enfrenta-o-central-cordoba-pela-copa-libertadores\/","title":{"rendered":"Flamengo enfrenta o Central C\u00f3rdoba pela Copa Libertadores"},"content":{"rendered":"<p>O Flamengo entra em campo, a partir das 21h30 (hor\u00e1rio de Bras\u00edlia) desta quarta-feira (9) no est\u00e1dio do Maracan\u00e3, para enfrentar o Central C\u00f3rdoba (Argentina) pela segunda rodada do Grupo C da Copa Libertadores.<\/p>\n<div class=\"dummyPub\">\u00a0<\/div>\n<p>Ocupando a lideran\u00e7a da chave com tr\u00eas pontos, ap\u00f3s estrear com triunfo de 1 a 0 sobre o Deportivo T\u00e1chira (Venezuela), o Rubro-Negro da G\u00e1vea ter\u00e1 pela frente um Central C\u00f3rdoba que divide a vice-lideran\u00e7a do Grupo com a LDU (Equador).<\/p>\n<p><a href=\"https:\/\/agenciabrasil.ebc.com.br\/esportes\/noticia\/2025-02\/bruno-henrique-brilha-e-flamengo-conquista-supercopa-do-brasil\">Reapresenta\u00e7\u00e3o e foco na 2\u00ba rodada da <\/a><a href=\"https:\/\/twitter.com\/LibertadoresBR?ref_src=twsrc%5Etfw\">@libertadoresbr ! <\/a><a href=\"https:\/\/twitter.com\/hashtag\/CRF?src=hash&amp;ref_src=twsrc%5Etfw\">#CRF <\/a><a href=\"https:\/\/t.co\/6Xsbvk9oqk\">pic.twitter.com\/6Xsbvk9oqk<\/p>\n<p>\u00a0<\/p>\n<p>\u2014 Flamengo (@Flamengo)<\/a><a href=\"https:\/\/twitter.com\/Flamengo\/status\/1909354400415428761?ref_src=twsrc%5Etfw\">April 7, 2025<\/a><\/p>\n<p>\u00a0<\/p>\n<p>Para o confronto da Copa Libertadores h\u00e1 a possibilidade de o t\u00e9cnico Filipe Lu\u00eds poupar algumas pe\u00e7as, pensando na sequ\u00eancia da temporada, na qual o Flamengo est\u00e1 se dividindo em diferentes frentes.<\/p>\n<p>Uma expectativa \u00e9 o poss\u00edvel retorno do atacante Pedro, que se recuperou da cirurgia no joelho esquerdo realizada em setembro de 2024. Afastado por um longo per\u00edodo, a torcida espera que, ao menos, o t\u00e9cnico Filipe Lu\u00eds relacione o centroavante para o banco de reservas.<\/p>\n<p>Fonte: noticiasaominuto.com.br<\/p>\n","protected":false},"excerpt":{"rendered":"<p>O Flamengo entra em campo, a partir das 21h30 (hor\u00e1rio de Bras\u00edlia) desta quarta-feira (9)<\/p>\n","protected":false},"author":0,"featured_media":51448,"comment_status":"open","ping_status":"open","sticky":false,"template":"","format":"standard","meta":{"footnotes":""},"categories":[4],"tags":[],"aioseo_notices":[],"_links":{"self":[{"href":"https:\/\/portalnewsgta.com.br\/index.php\/wp-json\/wp\/v2\/posts\/51447"}],"collection":[{"href":"https:\/\/portalnewsgta.com.br\/index.php\/wp-json\/wp\/v2\/posts"}],"about":[{"href":"https:\/\/portalnewsgta.com.br\/index.php\/wp-json\/wp\/v2\/types\/post"}],"replies":[{"embeddable":true,"href":"https:\/\/portalnewsgta.com.br\/index.php\/wp-json\/wp\/v2\/comments?post=51447"}],"version-history":[{"count":0,"href":"https:\/\/portalnewsgta.com.br\/index.php\/wp-json\/wp\/v2\/posts\/51447\/revisions"}],"wp:featuredmedia":[{"embeddable":true,"href":"https:\/\/portalnewsgta.com.br\/index.php\/wp-json\/wp\/v2\/media\/51448"}],"wp:attachment":[{"href":"https:\/\/portalnewsgta.com.br\/index.php\/wp-json\/wp\/v2\/media?parent=51447"}],"wp:term":[{"taxonomy":"category","embeddable":true,"href":"https:\/\/portalnewsgta.com.br\/index.php\/wp-json\/wp\/v2\/categories?post=51447"},{"taxonomy":"post_tag","embeddable":true,"href":"https:\/\/portalnewsgta.com.br\/index.php\/wp-json\/wp\/v2\/tags?post=51447"}],"curies":[{"name":"wp","href":"https:\/\/api.w.org\/{rel}","templated":true}]}}