{"id":51445,"date":"2025-04-09T11:42:59","date_gmt":"2025-04-09T14:42:59","guid":{"rendered":"https:\/\/portalnewsgta.com.br\/index.php\/2025\/04\/09\/netinho-atualiza-fas-sobre-tratamento-contra-o-cancer\/"},"modified":"2025-04-09T11:42:59","modified_gmt":"2025-04-09T14:42:59","slug":"netinho-atualiza-fas-sobre-tratamento-contra-o-cancer","status":"publish","type":"post","link":"https:\/\/portalnewsgta.com.br\/index.php\/2025\/04\/09\/netinho-atualiza-fas-sobre-tratamento-contra-o-cancer\/","title":{"rendered":"Netinho atualiza f\u00e3s sobre tratamento contra o c\u00e2ncer"},"content":{"rendered":"<p>RIO DE JANEIRO, RJ (UOL\/FOLHAPRESS) &#8211; O cantor Netinho usou as redes sociais, na manh\u00e3 desta quarta-feira (8), para compartilhar uma atualiza\u00e7\u00e3o sobre seu estado de sa\u00fade. Enfrentando um c\u00e2ncer raro, ele acaba de concluir a segunda sess\u00e3o de quimioterapia e apareceu animado em v\u00eddeo para tranquilizar os f\u00e3s.<\/p>\n<div class=\"dummyPub\">\u00a0<\/div>\n<p>Sorridente, Netinho celebrou os sinais positivos no tratamento. &#8220;Estou ganhando peso&#8221;, disse o cantor. Netinho ainda brincou. &#8220;Estou bochechudo&#8221;.<\/p>\n<p>Na legenda da publica\u00e7\u00e3o, ele refor\u00e7ou o esp\u00edrito positivo que tem mantido desde o in\u00edcio da luta contra a doen\u00e7a. &#8220;Bochechudo e barrigudo! Vamos que vamos no passo do Criador com toda a f\u00e9 e cheio de positividade!&#8221;, escreveu.<\/p>\n<p>O cantor baiano foi diagnosticado com c\u00e2ncer no sistema linf\u00e1tico. A divulga\u00e7\u00e3o da doen\u00e7a ocorreu no fim de mar\u00e7o.<\/p>\n<p>Leia Tamb\u00e9m: <a href=\"https:\/\/www.noticiasaominuto.com.br\/fama\/2274265\/preta-gil-segue-internada-e-sem-previsao-para-tratamento-nos-eua\" target=\"_blank\" rel=\"noopener\">Preta Gil segue internada e sem previs\u00e3o para tratamento nos EUA<\/a><\/p>\n<p>Fonte: noticiasaominuto.com.br<\/p>\n","protected":false},"excerpt":{"rendered":"<p>RIO DE JANEIRO, RJ (UOL\/FOLHAPRESS) &#8211; O cantor Netinho usou as redes sociais, na manh\u00e3<\/p>\n","protected":false},"author":0,"featured_media":51446,"comment_status":"open","ping_status":"open","sticky":false,"template":"","format":"standard","meta":{"footnotes":""},"categories":[6],"tags":[],"aioseo_notices":[],"_links":{"self":[{"href":"https:\/\/portalnewsgta.com.br\/index.php\/wp-json\/wp\/v2\/posts\/51445"}],"collection":[{"href":"https:\/\/portalnewsgta.com.br\/index.php\/wp-json\/wp\/v2\/posts"}],"about":[{"href":"https:\/\/portalnewsgta.com.br\/index.php\/wp-json\/wp\/v2\/types\/post"}],"replies":[{"embeddable":true,"href":"https:\/\/portalnewsgta.com.br\/index.php\/wp-json\/wp\/v2\/comments?post=51445"}],"version-history":[{"count":0,"href":"https:\/\/portalnewsgta.com.br\/index.php\/wp-json\/wp\/v2\/posts\/51445\/revisions"}],"wp:featuredmedia":[{"embeddable":true,"href":"https:\/\/portalnewsgta.com.br\/index.php\/wp-json\/wp\/v2\/media\/51446"}],"wp:attachment":[{"href":"https:\/\/portalnewsgta.com.br\/index.php\/wp-json\/wp\/v2\/media?parent=51445"}],"wp:term":[{"taxonomy":"category","embeddable":true,"href":"https:\/\/portalnewsgta.com.br\/index.php\/wp-json\/wp\/v2\/categories?post=51445"},{"taxonomy":"post_tag","embeddable":true,"href":"https:\/\/portalnewsgta.com.br\/index.php\/wp-json\/wp\/v2\/tags?post=51445"}],"curies":[{"name":"wp","href":"https:\/\/api.w.org\/{rel}","templated":true}]}}