{"id":51430,"date":"2025-04-09T09:44:16","date_gmt":"2025-04-09T12:44:16","guid":{"rendered":"https:\/\/portalnewsgta.com.br\/index.php\/2025\/04\/09\/ramon-diaz-elogia-time-do-corinthians-e-revela-que-nao-vai-priorizar-nenhuma-competicao\/"},"modified":"2025-04-09T09:44:16","modified_gmt":"2025-04-09T12:44:16","slug":"ramon-diaz-elogia-time-do-corinthians-e-revela-que-nao-vai-priorizar-nenhuma-competicao","status":"publish","type":"post","link":"https:\/\/portalnewsgta.com.br\/index.php\/2025\/04\/09\/ramon-diaz-elogia-time-do-corinthians-e-revela-que-nao-vai-priorizar-nenhuma-competicao\/","title":{"rendered":"Ram\u00f3n D\u00edaz elogia time do Corinthians e revela que n\u00e3o vai priorizar nenhuma competi\u00e7\u00e3o"},"content":{"rendered":"<p>O t\u00e9cnico Ram\u00f3n D\u00edaz ficou feliz com o empate do Corinthians, por 1 a 1, com o Am\u00e9rica de Cali, nesta ter\u00e7a-feira, na Col\u00f4mbia, pela Copa Sul-Americana. O argentino destacou a boa produ\u00e7\u00e3o do time na segunda etapa, ap\u00f3s as entradas de Yuri Alberto e Carrillo, al\u00e9m da possibilidade, segundo ele, de virada do placar por causa das boas oportunidades criadas.<\/p>\n<div class=\"dummyPub\">\u00a0<\/div>\n<p>&#8220;Estou muito feliz pela equipe. Tivemos mais poder ofensivo no segundo tempo. O time reagiu e isso foi importante. L\u00f3gico que a aus\u00eancia de Garro, Coronado e a sequ\u00eancia de jogos prejudicam, mas estou satisfeito com o grupo&#8221;, afirmou Ram\u00f3n em entrevista coletiva.<\/p>\n<p>O treinador afirmou que n\u00e3o vai priorizar nenhuma competi\u00e7\u00e3o neste momento. &#8220;O Brasileir\u00e3o \u00e9 muito importante, mas uma copa internacional tamb\u00e9m \u00e9. Estamos no come\u00e7o da competi\u00e7\u00e3o e vamos colocando em campo os jogadores que est\u00e3o em melhores condi\u00e7\u00f5es&#8221;, disse o comandante alvinegro.<\/p>\n<p>Desta forma, Ram\u00f3n D\u00edaz afirmou que vai analisar as condi\u00e7\u00f5es f\u00edsicas de cada atleta e depois escalar a equipe para o cl\u00e1ssico com o Palmeiras, s\u00e1bado, \u00e1s 18h30, em Barueri, pela terceira rodada do Campeonato Brasileiro.<\/p>\n<p>Fonte: noticiasaominuto.com.br<\/p>\n","protected":false},"excerpt":{"rendered":"<p>O t\u00e9cnico Ram\u00f3n D\u00edaz ficou feliz com o empate do Corinthians, por 1 a 1,<\/p>\n","protected":false},"author":0,"featured_media":51431,"comment_status":"open","ping_status":"open","sticky":false,"template":"","format":"standard","meta":{"footnotes":""},"categories":[4],"tags":[],"aioseo_notices":[],"_links":{"self":[{"href":"https:\/\/portalnewsgta.com.br\/index.php\/wp-json\/wp\/v2\/posts\/51430"}],"collection":[{"href":"https:\/\/portalnewsgta.com.br\/index.php\/wp-json\/wp\/v2\/posts"}],"about":[{"href":"https:\/\/portalnewsgta.com.br\/index.php\/wp-json\/wp\/v2\/types\/post"}],"replies":[{"embeddable":true,"href":"https:\/\/portalnewsgta.com.br\/index.php\/wp-json\/wp\/v2\/comments?post=51430"}],"version-history":[{"count":0,"href":"https:\/\/portalnewsgta.com.br\/index.php\/wp-json\/wp\/v2\/posts\/51430\/revisions"}],"wp:featuredmedia":[{"embeddable":true,"href":"https:\/\/portalnewsgta.com.br\/index.php\/wp-json\/wp\/v2\/media\/51431"}],"wp:attachment":[{"href":"https:\/\/portalnewsgta.com.br\/index.php\/wp-json\/wp\/v2\/media?parent=51430"}],"wp:term":[{"taxonomy":"category","embeddable":true,"href":"https:\/\/portalnewsgta.com.br\/index.php\/wp-json\/wp\/v2\/categories?post=51430"},{"taxonomy":"post_tag","embeddable":true,"href":"https:\/\/portalnewsgta.com.br\/index.php\/wp-json\/wp\/v2\/tags?post=51430"}],"curies":[{"name":"wp","href":"https:\/\/api.w.org\/{rel}","templated":true}]}}