{"id":51388,"date":"2025-04-09T08:31:23","date_gmt":"2025-04-09T11:31:23","guid":{"rendered":"https:\/\/portalnewsgta.com.br\/?p=51388"},"modified":"2025-04-09T08:31:23","modified_gmt":"2025-04-09T11:31:23","slug":"prf-encerra-operacao-descanso-legal","status":"publish","type":"post","link":"https:\/\/portalnewsgta.com.br\/index.php\/2025\/04\/09\/prf-encerra-operacao-descanso-legal\/","title":{"rendered":"PRF encerra Opera\u00e7\u00e3o Descanso Legal"},"content":{"rendered":"<div class=\"td_block_wrap tdb_single_featured_image tdi_53 tdb-content-horiz-left td-pb-border-top td_block_template_1\" data-td-block-uid=\"tdi_53\">\n<div class=\"tdb-block-inner td-fix-index\">\n<figure><figcaption class=\"tdb-caption-text\">Foto: PRF<\/figcaption><\/figure>\n<\/div>\n<\/div>\n<div class=\"td_block_wrap tdb_single_content tdi_54 td-pb-border-top td_block_template_1 td-post-content tagdiv-type\" data-td-block-uid=\"tdi_54\">\n<div class=\"tdb-block-inner td-fix-index\">\n<p dir=\"ltr\">A Pol\u00edcia Rodovi\u00e1ria Federal (PRF) encerrou na sexta-feira (4) a terceira fase da Opera\u00e7\u00e3o Descanso Legal. Realizada em todo o pa\u00eds, a a\u00e7\u00e3o tem o objetivo de identificar motoristas de caminh\u00e3o que ultrapassam o limite de tempo de dire\u00e7\u00e3o permitido pela legisla\u00e7\u00e3o de tr\u00e2nsito, al\u00e9m de identificar pr\u00e1ticas que provocam riscos para quem passa pelas rodovias federais, como o excesso de peso transportado e o mau estado de conserva\u00e7\u00e3o dos ve\u00edculos.<\/p>\n<p>Em dez dias de opera\u00e7\u00e3o (26\/3 a 4\/4), 8.588 ve\u00edculos de transporte de cargas foram fiscalizados. No total, 378 motoristas foram autuados por n\u00e3o respeitarem o tempo de descanso obrigat\u00f3rio. Outros 443 ve\u00edculos foram autuados por infra\u00e7\u00f5es relacionadas a irregularidades no transporte de produtos perigosos.<\/p>\n<div dir=\"ltr\" align=\"left\">\n<table>\n<colgroup>\n<col \/>\n<col \/><\/colgroup>\n<tbody>\n<tr>\n<td>\n<p dir=\"ltr\"><strong>Opera\u00e7\u00e3o Descanso Legal \u2013 Fase III (26\/3\/2025 a 4\/4\/2025)<\/strong><\/p>\n<\/td>\n<td>\n<p dir=\"ltr\"><strong>Infra\u00e7\u00f5es<\/strong><\/p>\n<\/td>\n<\/tr>\n<tr>\n<td>\n<p dir=\"ltr\">Lei do Descanso<\/p>\n<\/td>\n<td>\n<p dir=\"ltr\">378<\/p>\n<\/td>\n<\/tr>\n<tr>\n<td>\n<p dir=\"ltr\">Produtos perigosos<\/p>\n<\/td>\n<td>\n<p dir=\"ltr\">443<\/p>\n<\/td>\n<\/tr>\n<\/tbody>\n<\/table>\n<\/div>\n<p><strong>As estat\u00edsticas da Opera\u00e7\u00e3o Descanso Legal \u2013 Fase III s\u00e3o preliminares, devido ao prazo para consolida\u00e7\u00e3o das informa\u00e7\u00f5es nos sistemas da PRF. (Estat\u00edsticas atualizadas em 7\/4\/2025 \u2013 03:02 e 04:05)<\/strong><\/p>\n<p>Nos dez dias de opera\u00e7\u00e3o, foram registrados 1.864 sinistros de tr\u00e2nsito, com 145 mortes e 2.043 feridos. As estat\u00edsticas incluem todos os ve\u00edculos.<\/p>\n<div dir=\"ltr\" align=\"left\">\n<table>\n<colgroup>\n<col \/>\n<col \/>\n<col \/><\/colgroup>\n<tbody>\n<tr>\n<td>\n<p dir=\"ltr\"><strong>Opera\u00e7\u00e3o Descanso Legal \u2013 Fase III (26\/3 a 4\/4)<\/strong><\/p>\n<\/td>\n<td>\n<p dir=\"ltr\"><strong>Opera\u00e7\u00e3o Descanso Legal \u2013 Fase III (26\/3\/2025 a 4\/4\/2025)<\/strong><\/p>\n<\/td>\n<td>\n<p dir=\"ltr\"><strong>26\/3\/2024 a 4\/4\/2025<\/strong><\/p>\n<\/td>\n<\/tr>\n<tr>\n<td>\n<p dir=\"ltr\">Sinistros de tr\u00e2nsito<\/p>\n<\/td>\n<td>\n<p dir=\"ltr\">1.864 (-6,6%)<\/p>\n<\/td>\n<td>\n<p dir=\"ltr\">1.997<\/p>\n<\/td>\n<\/tr>\n<tr>\n<td>\n<p dir=\"ltr\">Mortes<\/p>\n<\/td>\n<td>\n<p dir=\"ltr\">145 (+5,07%)<\/p>\n<\/td>\n<td>\n<p dir=\"ltr\">138<\/p>\n<\/td>\n<\/tr>\n<tr>\n<td>\n<p dir=\"ltr\">Feridos<\/p>\n<\/td>\n<td>\n<p dir=\"ltr\">2.043 (-12,09%)<\/p>\n<\/td>\n<td>\n<p dir=\"ltr\">2.324<\/p>\n<\/td>\n<\/tr>\n<\/tbody>\n<\/table>\n<\/div>\n<p><strong>As estat\u00edsticas da Opera\u00e7\u00e3o Descanso Legal \u2013 Fase III s\u00e3o preliminares, devido ao prazo para consolida\u00e7\u00e3o das informa\u00e7\u00f5es nos sistemas da PRF. (Estat\u00edsticas atualizadas em 7\/4\/2025 \u2013 03:02 e 04:05)<\/strong><\/p>\n<p><strong>Tempo de dire\u00e7\u00e3o<\/strong><\/p>\n<p>Para garantir a seguran\u00e7a nas vias de todo o pa\u00eds, o C\u00f3digo de Tr\u00e2nsito Brasileiro (CTB) define intervalos de descanso para os motoristas do transporte de cargas e de passageiros. Para o transporte de cargas, dentro de 24 horas, o per\u00edodo de descanso obrigat\u00f3rio \u00e9 de 11 horas ininterruptas e, dentro de seis horas, o intervalo deve ser de, pelo menos, seis horas, que podem ser fracionadas por per\u00edodos m\u00ednimos de 5 minutos.<\/p>\n<p>O motorista que n\u00e3o respeita o tempo de descanso obrigat\u00f3rio comete infra\u00e7\u00e3o de tr\u00e2nsito de natureza m\u00e9dia, com 4 pontos na Carteira Nacional de Habilita\u00e7\u00e3o (CNH) e obrigatoriedade de cumprir as 11 horas ininterruptas de descanso antes de seguir viagem.<\/p>\n<\/div>\n<\/div>\n","protected":false},"excerpt":{"rendered":"<p>Foto: PRF A Pol\u00edcia Rodovi\u00e1ria Federal (PRF) encerrou na sexta-feira (4) a terceira fase da<\/p>\n","protected":false},"author":2,"featured_media":51389,"comment_status":"open","ping_status":"open","sticky":false,"template":"","format":"standard","meta":{"footnotes":""},"categories":[13,8],"tags":[],"aioseo_notices":[],"_links":{"self":[{"href":"https:\/\/portalnewsgta.com.br\/index.php\/wp-json\/wp\/v2\/posts\/51388"}],"collection":[{"href":"https:\/\/portalnewsgta.com.br\/index.php\/wp-json\/wp\/v2\/posts"}],"about":[{"href":"https:\/\/portalnewsgta.com.br\/index.php\/wp-json\/wp\/v2\/types\/post"}],"author":[{"embeddable":true,"href":"https:\/\/portalnewsgta.com.br\/index.php\/wp-json\/wp\/v2\/users\/2"}],"replies":[{"embeddable":true,"href":"https:\/\/portalnewsgta.com.br\/index.php\/wp-json\/wp\/v2\/comments?post=51388"}],"version-history":[{"count":1,"href":"https:\/\/portalnewsgta.com.br\/index.php\/wp-json\/wp\/v2\/posts\/51388\/revisions"}],"predecessor-version":[{"id":51390,"href":"https:\/\/portalnewsgta.com.br\/index.php\/wp-json\/wp\/v2\/posts\/51388\/revisions\/51390"}],"wp:featuredmedia":[{"embeddable":true,"href":"https:\/\/portalnewsgta.com.br\/index.php\/wp-json\/wp\/v2\/media\/51389"}],"wp:attachment":[{"href":"https:\/\/portalnewsgta.com.br\/index.php\/wp-json\/wp\/v2\/media?parent=51388"}],"wp:term":[{"taxonomy":"category","embeddable":true,"href":"https:\/\/portalnewsgta.com.br\/index.php\/wp-json\/wp\/v2\/categories?post=51388"},{"taxonomy":"post_tag","embeddable":true,"href":"https:\/\/portalnewsgta.com.br\/index.php\/wp-json\/wp\/v2\/tags?post=51388"}],"curies":[{"name":"wp","href":"https:\/\/api.w.org\/{rel}","templated":true}]}}