{"id":51309,"date":"2025-04-08T14:43:37","date_gmt":"2025-04-08T17:43:37","guid":{"rendered":"https:\/\/portalnewsgta.com.br\/index.php\/2025\/04\/08\/principe-harry-sentiu-se-forcado-a-deixar-de-trabalhar-para-a-realeza\/"},"modified":"2025-04-08T14:43:37","modified_gmt":"2025-04-08T17:43:37","slug":"principe-harry-sentiu-se-forcado-a-deixar-de-trabalhar-para-a-realeza","status":"publish","type":"post","link":"https:\/\/portalnewsgta.com.br\/index.php\/2025\/04\/08\/principe-harry-sentiu-se-forcado-a-deixar-de-trabalhar-para-a-realeza\/","title":{"rendered":"Pr\u00edncipe Harry &#8220;sentiu-se for\u00e7ado&#8221; a deixar de trabalhar para a realeza"},"content":{"rendered":"<p>O pr\u00edncipe Harry &#8220;sentiu-se for\u00e7ado a se afastar&#8221; de sua posi\u00e7\u00e3o como membro s\u00eanior da fam\u00edlia real, pois, em sua vis\u00e3o, &#8220;n\u00e3o estava sendo protegido pela institui\u00e7\u00e3o&#8221;.<\/p>\n<div class=\"dummyPub\">\u00a0<\/div>\n<p>Essas declara\u00e7\u00f5es foram feitas pelo filho mais novo do rei Charles III nesta ter\u00e7a-feira, 8 de abril, durante uma audi\u00eancia no tribunal.<\/p>\n<p>Em janeiro de 2020, vale lembrar, Harry e Meghan deixaram de atuar em tempo integral para a &#8216;Firma&#8217; \u2014 decis\u00e3o que ficou conhecida como &#8216;Megxit&#8217;. No entanto, o desejo do casal era &#8220;continuar apoiando a falecida rainha como membros privados da fam\u00edlia real&#8221;, afirmou o duque de Sussex.<\/p>\n<p>Harry foi ao tribunal para recorrer da decis\u00e3o do governo brit\u00e2nico que retirou seu direito \u2014 e o de sua fam\u00edlia \u2014 \u00e0 prote\u00e7\u00e3o policial enquanto estivesse no Reino Unido.<\/p>\n<p>No ano passado, a Suprema Corte de Londres considerou a decis\u00e3o legal, mas Harry recorreu ao Tribunal de Apela\u00e7\u00e3o para que ela fosse revista.<\/p>\n<p>Leia Tamb\u00e9m: <a href=\"https:\/\/www.noticiasaominuto.com.br\/fama\/2274063\/tais-araujo-diz-que-filho-sofreu-racismo-em-condominio-de-luxo\" target=\"_blank\" rel=\"noopener\">Ta\u00eds Araujo diz que filho sofreu racismo em condom\u00ednio de luxo<\/a><\/p>\n<p>Fonte: noticiasaominuto.com.br<\/p>\n","protected":false},"excerpt":{"rendered":"<p>O pr\u00edncipe Harry &#8220;sentiu-se for\u00e7ado a se afastar&#8221; de sua posi\u00e7\u00e3o como membro s\u00eanior da<\/p>\n","protected":false},"author":0,"featured_media":51310,"comment_status":"open","ping_status":"open","sticky":false,"template":"","format":"standard","meta":{"footnotes":""},"categories":[6],"tags":[],"aioseo_notices":[],"_links":{"self":[{"href":"https:\/\/portalnewsgta.com.br\/index.php\/wp-json\/wp\/v2\/posts\/51309"}],"collection":[{"href":"https:\/\/portalnewsgta.com.br\/index.php\/wp-json\/wp\/v2\/posts"}],"about":[{"href":"https:\/\/portalnewsgta.com.br\/index.php\/wp-json\/wp\/v2\/types\/post"}],"replies":[{"embeddable":true,"href":"https:\/\/portalnewsgta.com.br\/index.php\/wp-json\/wp\/v2\/comments?post=51309"}],"version-history":[{"count":0,"href":"https:\/\/portalnewsgta.com.br\/index.php\/wp-json\/wp\/v2\/posts\/51309\/revisions"}],"wp:featuredmedia":[{"embeddable":true,"href":"https:\/\/portalnewsgta.com.br\/index.php\/wp-json\/wp\/v2\/media\/51310"}],"wp:attachment":[{"href":"https:\/\/portalnewsgta.com.br\/index.php\/wp-json\/wp\/v2\/media?parent=51309"}],"wp:term":[{"taxonomy":"category","embeddable":true,"href":"https:\/\/portalnewsgta.com.br\/index.php\/wp-json\/wp\/v2\/categories?post=51309"},{"taxonomy":"post_tag","embeddable":true,"href":"https:\/\/portalnewsgta.com.br\/index.php\/wp-json\/wp\/v2\/tags?post=51309"}],"curies":[{"name":"wp","href":"https:\/\/api.w.org\/{rel}","templated":true}]}}