{"id":51301,"date":"2025-04-08T12:42:36","date_gmt":"2025-04-08T15:42:36","guid":{"rendered":"https:\/\/portalnewsgta.com.br\/index.php\/2025\/04\/08\/whindersson-nunes-volta-aos-palcos-apos-internacao-psiquiatrica\/"},"modified":"2025-04-08T12:42:36","modified_gmt":"2025-04-08T15:42:36","slug":"whindersson-nunes-volta-aos-palcos-apos-internacao-psiquiatrica","status":"publish","type":"post","link":"https:\/\/portalnewsgta.com.br\/index.php\/2025\/04\/08\/whindersson-nunes-volta-aos-palcos-apos-internacao-psiquiatrica\/","title":{"rendered":"Whindersson Nunes volta aos palcos ap\u00f3s interna\u00e7\u00e3o psiqui\u00e1trica"},"content":{"rendered":"<p>S\u00c3O PAULO, SP (UOL\/FOLHAPRESS) &#8211; O humorista Whindersson Nunes fez sua primeira apari\u00e7\u00e3o p\u00fablica ap\u00f3s um per\u00edodo de afastamento para cuidar da sa\u00fade mental. O retorno aconteceu no \u00faltimo domingo (6), em S\u00e3o Paulo.<\/p>\n<div class=\"dummyPub\">\u00a0<\/div>\n<p>Whindersson voltou aos palcos em uma nova turn\u00ea. O stand-up &#8220;Isso Definitivamente N\u00e3o \u00e9 um Culto&#8221; passar\u00e1 por outras regi\u00f5es do pa\u00eds.<\/p>\n<p>O espet\u00e1culo \u00e9 uma vers\u00e3o atualizada do show apresentado por Whindersson em 2023. A pe\u00e7a traz reflex\u00f5es bem-humoradas sobre a vida, fama, espiritualidade e os desafios pessoais enfrentados pelo artista. A apresenta\u00e7\u00e3o contou com grande p\u00fablico e marcou um momento especial para os f\u00e3s, que celebraram o retorno do comediante aos palcos.<\/p>\n<p>Em fevereiro deste ano, Whindersson se internou voluntariamente em uma cl\u00ednica psiqui\u00e1trica para focar na sa\u00fade mental. Ap\u00f3s mais de um m\u00eas de tratamento, o humorista recebeu alta e iniciou os preparativos para a nova temporada de shows.<\/p>\n<p>Al\u00e9m das apresenta\u00e7\u00f5es no Brasil, Whindersson tamb\u00e9m tem planos de levar a turn\u00ea para a Europa ainda em 2025.<\/p>\n<p>Leia Tamb\u00e9m: <a href=\"https:\/\/www.noticiasaominuto.com.br\/fama\/2273967\/pabllo-vittar-convida-nathy-peluso-para-lancamento-da-musica-fantasia\" target=\"_blank\" rel=\"noopener\">Pabllo Vittar convida Nathy Peluso para lan\u00e7amento da m\u00fasica &#8216;Fantas\u00eda&#8217;<\/a><\/p>\n<p>Fonte: noticiasaominuto.com.br<\/p>\n","protected":false},"excerpt":{"rendered":"<p>S\u00c3O PAULO, SP (UOL\/FOLHAPRESS) &#8211; O humorista Whindersson Nunes fez sua primeira apari\u00e7\u00e3o p\u00fablica ap\u00f3s<\/p>\n","protected":false},"author":0,"featured_media":51302,"comment_status":"open","ping_status":"open","sticky":false,"template":"","format":"standard","meta":{"footnotes":""},"categories":[6],"tags":[],"aioseo_notices":[],"_links":{"self":[{"href":"https:\/\/portalnewsgta.com.br\/index.php\/wp-json\/wp\/v2\/posts\/51301"}],"collection":[{"href":"https:\/\/portalnewsgta.com.br\/index.php\/wp-json\/wp\/v2\/posts"}],"about":[{"href":"https:\/\/portalnewsgta.com.br\/index.php\/wp-json\/wp\/v2\/types\/post"}],"replies":[{"embeddable":true,"href":"https:\/\/portalnewsgta.com.br\/index.php\/wp-json\/wp\/v2\/comments?post=51301"}],"version-history":[{"count":0,"href":"https:\/\/portalnewsgta.com.br\/index.php\/wp-json\/wp\/v2\/posts\/51301\/revisions"}],"wp:featuredmedia":[{"embeddable":true,"href":"https:\/\/portalnewsgta.com.br\/index.php\/wp-json\/wp\/v2\/media\/51302"}],"wp:attachment":[{"href":"https:\/\/portalnewsgta.com.br\/index.php\/wp-json\/wp\/v2\/media?parent=51301"}],"wp:term":[{"taxonomy":"category","embeddable":true,"href":"https:\/\/portalnewsgta.com.br\/index.php\/wp-json\/wp\/v2\/categories?post=51301"},{"taxonomy":"post_tag","embeddable":true,"href":"https:\/\/portalnewsgta.com.br\/index.php\/wp-json\/wp\/v2\/tags?post=51301"}],"curies":[{"name":"wp","href":"https:\/\/api.w.org\/{rel}","templated":true}]}}