{"id":51284,"date":"2025-04-08T09:42:57","date_gmt":"2025-04-08T12:42:57","guid":{"rendered":"https:\/\/portalnewsgta.com.br\/index.php\/2025\/04\/08\/cbf-adia-inicio-da-serie-d-por-falta-de-laudos-tecnicos-em-estadios\/"},"modified":"2025-04-08T09:42:57","modified_gmt":"2025-04-08T12:42:57","slug":"cbf-adia-inicio-da-serie-d-por-falta-de-laudos-tecnicos-em-estadios","status":"publish","type":"post","link":"https:\/\/portalnewsgta.com.br\/index.php\/2025\/04\/08\/cbf-adia-inicio-da-serie-d-por-falta-de-laudos-tecnicos-em-estadios\/","title":{"rendered":"CBF adia in\u00edcio da S\u00e9rie D por falta de laudos t\u00e9cnicos em est\u00e1dios"},"content":{"rendered":"<p>S\u00c3O PAULO, SP (FOLHAPRESS) &#8211; A CBF (Confedera\u00e7\u00e3o Brasileira de Futebol) anunciou nesta segunda-feira (7) o adiamento da S\u00e9rie D do Campeonato Brasileiro em uma semana. Prevista inicialmente para os dias 12 e 13 de abril, a rodada de abertura da quarta divis\u00e3o nacional ser\u00e1 disputada nos dias 19 e 20.<\/p>\n<div class=\"dummyPub\">\u00a0<\/div>\n<p>Em of\u00edcio enviado aos clubes participantes e suas respectivas federa\u00e7\u00f5es estaduais, a entidade informou que a decis\u00e3o foi tomada devido \u00e0 falta de laudos t\u00e9cnicos obrigat\u00f3rios dentro do prazo dos est\u00e1dios que v\u00e3o receber partidas da competi\u00e7\u00e3o.<\/p>\n<p>Os documentos s\u00e3o uma exig\u00eancia prevista na Lei Geral do Esporte (Lei 14.597\/2023), do Estatuto da CBF e do RGC (Regulamento Geral de Competi\u00e7\u00f5es) da confedera\u00e7\u00e3o.<\/p>\n<p>Fazem parte desse conjunto de laudos, por exemplo, autoriza\u00e7\u00f5es ligadas a segura\u00e7\u00e3o, vigil\u00e2ncia sanit\u00e1ria e combate e preven\u00e7\u00e3o de inc\u00eandios.<\/p>\n<p>A entidade m\u00e1xima do futebol brasileiro citou no of\u00edcio que os documentos devem ser apresentados com uma anteced\u00eancia m\u00ednima de 30 dias do in\u00edcio da competi\u00e7\u00e3o ou, em caso de renova\u00e7\u00e3o, na data de sua concess\u00e3o.<\/p>\n<p>Assinado pelo diretor de competi\u00e7\u00f5es da CBF, Julio Avellar, o of\u00edcio da entidade refor\u00e7a que tais medidas s\u00e3o fundamentais para garantir a integridade f\u00edsica de torcedores, jogadores, \u00e1rbitros e todos os demais envolvidos nas partidas.<\/p>\n<p>Apesar do adiamento, a entidade m\u00e1xima do futebol brasileiro afirmou que o calend\u00e1rio da S\u00e9rie D n\u00e3o ficar\u00e1 comprometido e seu t\u00e9rmino est\u00e1 previsto para setembro.<\/p>\n<p>Fonte: noticiasaominuto.com.br<\/p>\n","protected":false},"excerpt":{"rendered":"<p>S\u00c3O PAULO, SP (FOLHAPRESS) &#8211; A CBF (Confedera\u00e7\u00e3o Brasileira de Futebol) anunciou nesta segunda-feira (7)<\/p>\n","protected":false},"author":0,"featured_media":51285,"comment_status":"open","ping_status":"open","sticky":false,"template":"","format":"standard","meta":{"footnotes":""},"categories":[4],"tags":[],"aioseo_notices":[],"_links":{"self":[{"href":"https:\/\/portalnewsgta.com.br\/index.php\/wp-json\/wp\/v2\/posts\/51284"}],"collection":[{"href":"https:\/\/portalnewsgta.com.br\/index.php\/wp-json\/wp\/v2\/posts"}],"about":[{"href":"https:\/\/portalnewsgta.com.br\/index.php\/wp-json\/wp\/v2\/types\/post"}],"replies":[{"embeddable":true,"href":"https:\/\/portalnewsgta.com.br\/index.php\/wp-json\/wp\/v2\/comments?post=51284"}],"version-history":[{"count":0,"href":"https:\/\/portalnewsgta.com.br\/index.php\/wp-json\/wp\/v2\/posts\/51284\/revisions"}],"wp:featuredmedia":[{"embeddable":true,"href":"https:\/\/portalnewsgta.com.br\/index.php\/wp-json\/wp\/v2\/media\/51285"}],"wp:attachment":[{"href":"https:\/\/portalnewsgta.com.br\/index.php\/wp-json\/wp\/v2\/media?parent=51284"}],"wp:term":[{"taxonomy":"category","embeddable":true,"href":"https:\/\/portalnewsgta.com.br\/index.php\/wp-json\/wp\/v2\/categories?post=51284"},{"taxonomy":"post_tag","embeddable":true,"href":"https:\/\/portalnewsgta.com.br\/index.php\/wp-json\/wp\/v2\/tags?post=51284"}],"curies":[{"name":"wp","href":"https:\/\/api.w.org\/{rel}","templated":true}]}}