{"id":51280,"date":"2025-04-08T08:44:01","date_gmt":"2025-04-08T11:44:01","guid":{"rendered":"https:\/\/portalnewsgta.com.br\/index.php\/2025\/04\/08\/com-carille-pressionado-vasco-busca-a-primeira-vitoria-na-copa-sul-americana\/"},"modified":"2025-04-08T08:44:01","modified_gmt":"2025-04-08T11:44:01","slug":"com-carille-pressionado-vasco-busca-a-primeira-vitoria-na-copa-sul-americana","status":"publish","type":"post","link":"https:\/\/portalnewsgta.com.br\/index.php\/2025\/04\/08\/com-carille-pressionado-vasco-busca-a-primeira-vitoria-na-copa-sul-americana\/","title":{"rendered":"Com Carille pressionado, Vasco busca a primeira vit\u00f3ria na Copa Sul-Americana"},"content":{"rendered":"<p>Depois de estrear no Grupo G da Sul-Americana com um empate por 3 a 3 contra o Melgar, na altitude de Arequipa, no Peru, o Vasco buscar\u00e1 a sua primeira vit\u00f3ria na competi\u00e7\u00e3o. Nesta ter\u00e7a-feira ter\u00e1 pela frente o Puerto Cabello, da Venezuela, em S\u00e3o Janu\u00e1rio, \u00e0s 21h30.<\/p>\n<div class=\"dummyPub\">\u00a0<\/div>\n<p>O time cruzmaltino chega em um momento de muita press\u00e3o sobre o t\u00e9cnico F\u00e1bio Carille. Na \u00faltima rodada do Campeonato Brasileiro, os cariocas perderam para o Corinthians por 3 a 0, na Neo Qu\u00edmica Arena. O confronto pela Sul-Americana pode ser decisivo para o futuro do comandante, que est\u00e1 &#8216;balan\u00e7ando&#8217; no cargo.<\/p>\n<p>O t\u00e9cnico conta com o retorno de seus principais jogadores. Diante do Corinthians, Carille optou por escalar um time formado em sua grande maioria por reservas. Dos atletas que comp\u00f5em o time titular, apenas o goleiro L\u00e9o Jardim, o zagueiro Jo\u00e3o Victor e o lateral-esquerdo Lucas Piton come\u00e7aram jogando contra o time paulista.<\/p>\n<p>A escala\u00e7\u00e3o deve ser praticamente a mesma utilizada contra o Melgar. A \u00fanica d\u00favida est\u00e1 no ataque, onde Garr\u00e9 tem as concorr\u00eancias de Adson e Rayan para atuar ao lado do centroavante Pablo Vegetti. A dupla escolhida deve formar o quarteto ofensivo ao lado dos meias Nuno Moreira e Philippe Coutinho, respons\u00e1veis pela arma\u00e7\u00e3o das jogadas.<\/p>\n<p>No meio-campo, Jair disputa a condi\u00e7\u00e3o de titular com Paulinho, que teve atua\u00e7\u00f5es abaixo do esperado na estreia na Sul-Americana e contra o Santos, na primeira rodada do Brasileir\u00e3o. Em alta, Hugo Moura deve ser mantido.<\/p>\n<p>Apesar de estar invicto nas \u00faltimas cinco partidas, o Puerto Cabello n\u00e3o estreou com vit\u00f3ria. Em casa, empatou por 2 a 2 com o Lan\u00fas, da Argentina. A atual situa\u00e7\u00e3o no campeonato nacional chama aten\u00e7\u00e3o e anima os torcedores. Depois de 10 rodadas, o time est\u00e1 em quinto lugar, com 15 pontos, seis atr\u00e1s do Carabobo, l\u00edder da liga venezuelana.<\/p>\n<p>O treinador \u00e9 o ex-jogador portugu\u00eas Vasco Fa\u00edsca, que vive a primeira experi\u00eancia longe de seu pa\u00eds e quer surpreender em uma das principais competi\u00e7\u00f5es do continente. Ele soma passagens por times de menor express\u00e3o em Portugal como Alverca, Farense e Belenenses. Entre os destaques do elenco est\u00e3o o centroavante venezuelano Junior Paredes e o ponta gan\u00eas Abdul Awudu.<\/p>\n<p><span class=\"news_bold\">FICHA T\u00c9CNICA<\/span><\/p>\n<p>VASCO X PUERTO CABELLO<\/p>\n<p>VASCO &#8211; L\u00e9o Jardim; Paulo Henrique, Maur\u00edcio Lemos, Jo\u00e3o Victor e Lucas Piton; Hugo Moura, Paulinho, Nuno Moreira e Philippe Coutinho; Garr\u00e9 (Rayan) e Vegetti. T\u00e9cnico: F\u00e1bio Carille.<\/p>\n<p>PUERTO CABELLO &#8211; Luis Romero; Luis Casiani, Tony Shimaga, Mamadou Mbaye e Heiber Linares; Harrison Contreras, Musa Isah e Oscar Hernandez; Abdul Awudu, Junior Paredes e Gerardo Padron. T\u00e9cnico: Vasco Fa\u00edsca.<\/p>\n<p>\u00c1RBITRO &#8211; Bryan Loyaza (EQU).<\/p>\n<p>HOR\u00c1RIO &#8211; 21h30.<\/p>\n<p>LOCAL &#8211; Est\u00e1dio S\u00e3o Janu\u00e1rio, no Rio de Janeiro (RJ).<\/p>\n<p>Fonte: noticiasaominuto.com.br<\/p>\n","protected":false},"excerpt":{"rendered":"<p>Depois de estrear no Grupo G da Sul-Americana com um empate por 3 a 3<\/p>\n","protected":false},"author":0,"featured_media":51281,"comment_status":"open","ping_status":"open","sticky":false,"template":"","format":"standard","meta":{"footnotes":""},"categories":[4],"tags":[],"aioseo_notices":[],"_links":{"self":[{"href":"https:\/\/portalnewsgta.com.br\/index.php\/wp-json\/wp\/v2\/posts\/51280"}],"collection":[{"href":"https:\/\/portalnewsgta.com.br\/index.php\/wp-json\/wp\/v2\/posts"}],"about":[{"href":"https:\/\/portalnewsgta.com.br\/index.php\/wp-json\/wp\/v2\/types\/post"}],"replies":[{"embeddable":true,"href":"https:\/\/portalnewsgta.com.br\/index.php\/wp-json\/wp\/v2\/comments?post=51280"}],"version-history":[{"count":0,"href":"https:\/\/portalnewsgta.com.br\/index.php\/wp-json\/wp\/v2\/posts\/51280\/revisions"}],"wp:featuredmedia":[{"embeddable":true,"href":"https:\/\/portalnewsgta.com.br\/index.php\/wp-json\/wp\/v2\/media\/51281"}],"wp:attachment":[{"href":"https:\/\/portalnewsgta.com.br\/index.php\/wp-json\/wp\/v2\/media?parent=51280"}],"wp:term":[{"taxonomy":"category","embeddable":true,"href":"https:\/\/portalnewsgta.com.br\/index.php\/wp-json\/wp\/v2\/categories?post=51280"},{"taxonomy":"post_tag","embeddable":true,"href":"https:\/\/portalnewsgta.com.br\/index.php\/wp-json\/wp\/v2\/tags?post=51280"}],"curies":[{"name":"wp","href":"https:\/\/api.w.org\/{rel}","templated":true}]}}