{"id":51253,"date":"2025-04-08T08:27:01","date_gmt":"2025-04-08T11:27:01","guid":{"rendered":"https:\/\/portalnewsgta.com.br\/?p=51253"},"modified":"2025-04-08T08:27:01","modified_gmt":"2025-04-08T11:27:01","slug":"saiba-quem-sao-o-pipoqueiro-e-o-sorveteiro-condenados-pelo-8-1-e-citados-por-bolsonaro","status":"publish","type":"post","link":"https:\/\/portalnewsgta.com.br\/index.php\/2025\/04\/08\/saiba-quem-sao-o-pipoqueiro-e-o-sorveteiro-condenados-pelo-8-1-e-citados-por-bolsonaro\/","title":{"rendered":"Saiba quem s\u00e3o o pipoqueiro e o sorveteiro condenados pelo 8\/1 e citados por Bolsonaro"},"content":{"rendered":"<p class=\"credito-1\">Tiago Queiroz\/Estad\u00e3o<\/p>\n<p><span class=\"img-conteudo pull-left\"><a href=\"https:\/\/www.gazetadigital.com.br\/storage\/webdisco\/2025\/04\/07\/1200x900\/7bef58a83287765db80ceadf81d94211.jpg\" data-fancybox=\"gallery\" data-caption=\"Tiago Queiroz\/Estad\u00e3o\"><img decoding=\"async\" src=\"https:\/\/www.gazetadigital.com.br\/storage\/webdisco\/2025\/04\/07\/431x285\/7bef58a83287765db80ceadf81d94211.jpg\" alt=\"Tiago Queiroz\/Estad\u00e3o\" \/><\/a><\/span><\/p>\n<p class=\"img-conteudo-desc\">\n<p><img decoding=\"async\" class=\"pull-left img-responsive\" src=\"https:\/\/www.gazetadigital.com.br\/storage\/webdisco\/2018\/09\/11\/120x80\/c10c88c6ae9ade049b00d53e2c1493c8.jpg\" alt=\"\" \/><\/p>\n<div id=\"text-content\" class=\"mb20\">\n<p>Durante ato em defesa da anistia para os condenados do 8 de Janeiro, neste domingo, 6, em S\u00e3o Paulo, o ex-presidente Jair Bolsonaro (PL) usou a condena\u00e7\u00e3o de vendedores de pipoca e sorvete para criticar a condu\u00e7\u00e3o dos processos contra acusados dos ataques \u00e0s sedes dos Tr\u00eas Poderes em 2023.<\/p>\n<p>&nbsp;<\/p>\n<p>Em cima de trio el\u00e9trico na avenida Paulista, Bolsonaro afirmou: \u201cOlhe s\u00f3 o que est\u00e1 acontecendo no Supremo no dia de hoje. Eles j\u00e1 t\u00eam maioria para condenar um pipoqueiro e um sorveteiro por golpe de Estado. \u00c9 inacredit\u00e1vel o que acontece\u201d, disse.<\/p>\n<p>&nbsp;<\/p>\n<p>Depois, citou o caso em ingl\u00eas, trecho do discurso que repercutiu em v\u00eddeo nas redes sociais: \u201cPopcorn and ice cream sellers sentenced for coup d\u201d\u00e9tat in Brazil\u201d (\u201cpipoqueiros e sorveteiros s\u00e3o condenados por golpe de Estado no Brasil\u201d, em portugu\u00eas).<\/p>\n<p>&nbsp;<\/p>\n<p>Bolsonaro se referia a Carlos Ant\u00f4nio Eifler, o pipoqueiro, e a Otoniel Francisco da Cruz, o sorveteiro. Eles foram condenados pelo Supremo Tribunal Federal (STF) na \u00faltima sexta-feira, 4, por associa\u00e7\u00e3o criminosa e incita\u00e7\u00e3o ao crime, com pena de um ano de pris\u00e3o e pagamento de multa.<\/p>\n<p>&nbsp;<\/p>\n<p>Em seu voto, o ministro Alexandre de Moraes, relator dos casos, substituiu a pena restritiva de liberdade por pena restritiva de direitos. Os dois dever\u00e3o prestar servi\u00e7os \u00e0 comunidade e participar de curso sobre \u201cDemocracia, Estado de Direito e Golpe de Estado\u201d, e est\u00e3o proibidos de utilizar redes sociais ou deixar a comarca em que residem.<\/p>\n<p>&nbsp;<\/p>\n<p>A maioria dos ministros da Corte acompanhou o relator nos votos, com exce\u00e7\u00e3o de Kassio Nunes Marques e Andr\u00e9 Mendon\u00e7a, que pediram a absolvi\u00e7\u00e3o da dupla. Ambos os magistrados foram indicados \u00e0 Corte por Bolsonaro.<\/p>\n<p>&nbsp;<\/p>\n<p>De acordo com o voto de Moraes, os casos se encaixam no contexto dos crimes multitudin\u00e1rios, em que uma a\u00e7\u00e3o conjunta \u00e9 perpetrada por in\u00fameros agentes, todos contribuindo para o resultado.<\/p>\n<p>&nbsp;<\/p>\n<p>O ministro tamb\u00e9m ressaltou que o acampamento golpista em frente ao Quartel-General do Ex\u00e9rcito \u201cencontrava-se extremamente organizado e com tarefas bem definidas\u201d, sendo o credenciamento e a perman\u00eancia dos dois no local suficientes para verificar \u201co intuito comum \u00e0 atua\u00e7\u00e3o da horda golpista\u201d.<\/p>\n<p>&nbsp;<\/p>\n<p>At\u00e9 mar\u00e7o deste ano, a Corte j\u00e1 condenou 434 envolvidos nos ataques golpistas.<\/p>\n<p>&nbsp;<\/p>\n<p><strong>Quem \u00e9 o pipoqueiro?<\/strong><\/p>\n<p>O empres\u00e1rio Carlos Ant\u00f4nio Eifler, de 54 anos, \u00e9 de Lajeado (RS) e tem um pequeno neg\u00f3cio de pipocas registrado em seu nome desde 2020. Em depoimento, ele afirmou que chegou \u00e0 capital federal em 8 de janeiro de 2023, por volta das 14h30, e foi direto ao acampamento com sua barraca, onde passou a noite. \u201cAp\u00f3s terminar a parte da montagem das barracas, j\u00e1 era na parte da noite. Deste momento at\u00e9 a noite, n\u00f3s n\u00e3o sa\u00edmos do QG\u201d, disse.<\/p>\n<p>&nbsp;<\/p>\n<p>Carlos Eifler tamb\u00e9m afirmou que tinha dois intuitos, conhecer Bras\u00edlia e \u201cfazer um abra\u00e7o simb\u00f3lico em volta das Esplanadas\u201d. Declarou n\u00e3o ter quebrado nada nem invadido qualquer pr\u00e9dio p\u00fablico.<\/p>\n<p>&nbsp;<\/p>\n<p>Nas redes sociais, o pipoqueiro acumula postagens em que se diz revoltado com o resultado das urnas em 2022, al\u00e9m de apoiar explicitamente os acampamentos golpistas e pedir uma interven\u00e7\u00e3o militar comandada por Bolsonaro.<\/p>\n<p>&nbsp;<\/p>\n<p><strong>Quem \u00e9 o sorveteiro?<\/strong><\/p>\n<p>O outro citado por Bolsonaro \u00e9 Otoniel Francisco da Cruz, de 45 anos, natural de Porto Seguro (BA). Em audi\u00eancia, ele disse trabalhar vendendo picol\u00e9s na praia. Declarou ter deixado Porto Seguro em um \u00f4nibus fretado, em que viajou sem pagar passagem.<\/p>\n<p>&nbsp;<\/p>\n<p>Ele chegou em Bras\u00edlia na noite do dia 8, quando os ataques j\u00e1 haviam ocorrido, e pernoitou no acampamento, onde, contou, teve acesso a comida e bebida de forma gratuita. Disse ter permanecido no QG at\u00e9 o dia 9, quando foi preso pela Pol\u00edcia Federal (PF).<\/p>\n<p>&nbsp;<\/p>\n<p>O sorveteiro afirmou que um dos objetivos da viagem era manifestar \u201cpacificamente contra o mal\u201d. \u201cN\u00e3o sou contra o governo, sou contra algumas pautas do governo, que \u00e9 aborto e drogas (sic)\u201d, disse durante depoimento.<\/p>\n<\/div>\n","protected":false},"excerpt":{"rendered":"<p>Tiago Queiroz\/Estad\u00e3o Durante ato em defesa da anistia para os condenados do 8 de Janeiro,<\/p>\n","protected":false},"author":2,"featured_media":51254,"comment_status":"open","ping_status":"open","sticky":false,"template":"","format":"standard","meta":{"footnotes":""},"categories":[13,2],"tags":[979],"aioseo_notices":[],"_links":{"self":[{"href":"https:\/\/portalnewsgta.com.br\/index.php\/wp-json\/wp\/v2\/posts\/51253"}],"collection":[{"href":"https:\/\/portalnewsgta.com.br\/index.php\/wp-json\/wp\/v2\/posts"}],"about":[{"href":"https:\/\/portalnewsgta.com.br\/index.php\/wp-json\/wp\/v2\/types\/post"}],"author":[{"embeddable":true,"href":"https:\/\/portalnewsgta.com.br\/index.php\/wp-json\/wp\/v2\/users\/2"}],"replies":[{"embeddable":true,"href":"https:\/\/portalnewsgta.com.br\/index.php\/wp-json\/wp\/v2\/comments?post=51253"}],"version-history":[{"count":1,"href":"https:\/\/portalnewsgta.com.br\/index.php\/wp-json\/wp\/v2\/posts\/51253\/revisions"}],"predecessor-version":[{"id":51255,"href":"https:\/\/portalnewsgta.com.br\/index.php\/wp-json\/wp\/v2\/posts\/51253\/revisions\/51255"}],"wp:featuredmedia":[{"embeddable":true,"href":"https:\/\/portalnewsgta.com.br\/index.php\/wp-json\/wp\/v2\/media\/51254"}],"wp:attachment":[{"href":"https:\/\/portalnewsgta.com.br\/index.php\/wp-json\/wp\/v2\/media?parent=51253"}],"wp:term":[{"taxonomy":"category","embeddable":true,"href":"https:\/\/portalnewsgta.com.br\/index.php\/wp-json\/wp\/v2\/categories?post=51253"},{"taxonomy":"post_tag","embeddable":true,"href":"https:\/\/portalnewsgta.com.br\/index.php\/wp-json\/wp\/v2\/tags?post=51253"}],"curies":[{"name":"wp","href":"https:\/\/api.w.org\/{rel}","templated":true}]}}