{"id":51250,"date":"2025-04-08T08:25:55","date_gmt":"2025-04-08T11:25:55","guid":{"rendered":"https:\/\/portalnewsgta.com.br\/?p=51250"},"modified":"2025-04-08T08:25:55","modified_gmt":"2025-04-08T11:25:55","slug":"jair-renan-protocola-mocao-de-repudio-contra-lula-na-camara-de-balneario-camboriu","status":"publish","type":"post","link":"https:\/\/portalnewsgta.com.br\/index.php\/2025\/04\/08\/jair-renan-protocola-mocao-de-repudio-contra-lula-na-camara-de-balneario-camboriu\/","title":{"rendered":"Jair Renan protocola mo\u00e7\u00e3o de rep\u00fadio contra Lula na C\u00e2mara de Balne\u00e1rio Cambori\u00fa"},"content":{"rendered":"<p class=\"credito-1\">Tiago Queiroz\/Estad\u00e3o<\/p>\n<p><span class=\"img-conteudo pull-left\"><a href=\"https:\/\/www.gazetadigital.com.br\/storage\/webdisco\/2025\/04\/07\/1200x900\/e9cdec4eef92c97645e027fa4a900361.jpg\" data-fancybox=\"gallery\" data-caption=\"Tiago Queiroz\/Estad\u00e3o\"><img decoding=\"async\" src=\"https:\/\/www.gazetadigital.com.br\/storage\/webdisco\/2025\/04\/07\/431x285\/e9cdec4eef92c97645e027fa4a900361.jpg\" alt=\"Tiago Queiroz\/Estad\u00e3o\" \/><\/a><\/span><\/p>\n<p class=\"img-conteudo-desc\">\n<p><img decoding=\"async\" class=\"pull-left img-responsive\" src=\"https:\/\/www.gazetadigital.com.br\/storage\/webdisco\/2018\/09\/11\/120x80\/c10c88c6ae9ade049b00d53e2c1493c8.jpg\" alt=\"\" \/><\/p>\n<div id=\"text-content\" class=\"mb20\">\n<p>O vereador de Balne\u00e1rio Cambori\u00fa (SC) Jair Renan Bolsonaro (PL) protocolou uma mo\u00e7\u00e3o de rep\u00fadio contra o presidente Luiz In\u00e1cio Lula da Silva (PT) na C\u00e2mara Municipal. O filho \u201c04\u201d do ex-presidente Jair Bolsonaro (PL) apresentou o pedido na \u00faltima sexta-feira, 4, afirmando que o governo federal imp\u00f4s \u201cseveras restri\u00e7\u00f5es\u201d \u00e0 pesca de tainha, o que n\u00e3o tem \u201cn\u00e3o tem contribu\u00eddo para o desenvolvimento\u201d da cidade. Neste domingo, 6, Jair Renan esteve ao lado do pai na manifesta\u00e7\u00e3o pr\u00f3-anistia na Avenida Paulista, em S\u00e3o Paulo.<\/p>\n<p>&nbsp;<\/p>\n<p>O texto cita uma normativa do governo federal que imp\u00f4s restri\u00e7\u00f5es, em 2023, \u00e0 pesca industrial de tainha, atividade tradicional de Santa Catarina, al\u00e9m da imposi\u00e7\u00e3o de cotas para a pesca artesanal em 2025. Segundo Jair Renan, \u201cafetando milhares de pescadores e prejudicando a economia local\u201d.<\/p>\n<p>&nbsp;<\/p>\n<p>O vereador tamb\u00e9m afirmou que Lula tem \u201cdemonstrado desrespeito\u201d ao governador do Estado, Jorginho Mello (PL), e tido uma gest\u00e3o ruim sobre a economia nacional. \u201cO descontrole fiscal e a falta de dire\u00e7\u00e3o na pol\u00edtica econ\u00f4mica t\u00eam gerado sofrimento \u00e0 popula\u00e7\u00e3o brasileira, com o aumento expressivo da infla\u00e7\u00e3o e a perda do poder de compra\u201d, afirmou.<\/p>\n<p>&nbsp;<\/p>\n<p>O filho do ex-presidente ainda disse que o governo federal tem manifestado apoio a regimes ditatoriais, como os governos da Venezuela, de Cuba e da Nicar\u00e1gua.<\/p>\n<p>&nbsp;<\/p>\n<p>Jair Renan argumenta que o munic\u00edpio de Balne\u00e1rio Cambori\u00fa n\u00e3o pode compactuar com este \u201ccen\u00e1rio de afronta \u00e0s tradi\u00e7\u00f5es culturais, descaso com a economia local e apoio a regimes antidemocr\u00e1ticos\u201d.<\/p>\n<p>&nbsp;<\/p>\n<p><strong>Atua\u00e7\u00e3o de Jair Renan na C\u00e2mara<\/strong><\/p>\n<p>Eleito vereador pelo Partido Liberal (PL) nas elei\u00e7\u00f5es de 2024, Jair Renan exerce seu primeiro cargo eletivo. No m\u00eas de mar\u00e7o, um corte de uma sess\u00e3o na casa viralizou nas redes sociais. O v\u00eddeo mostra Jair Renan chorando ao discursar sobre a perman\u00eancia de seu irm\u00e3o, Eduardo, nos EUA.<\/p>\n<p>&nbsp;<\/p>\n<p>Na tribuna, o vereador pediu respeito a sua fam\u00edlia. \u201cQuando voc\u00ea vai atacar algu\u00e9m, ataque a pessoa, n\u00e3o ataque a fam\u00edlia. Eu nunca desrespeitei nenhum familiar. O que aconteceu ontem foi algo mesquinho e de baixo cal\u00e3o\u201d, disse.<\/p>\n<p>&nbsp;<\/p>\n<p>Ainda em mar\u00e7o, Jair Renan foi o \u00fanico vereador a votar contra o reconhecimento de assassinato do ex-prefeito Higino Jo\u00e3o Pio pela ditadura militar. Ao todo, 16 integrantes da Casa apoiaram o texto. Jair Renan se posicionou contr\u00e1rio ao projeto, e os vereadores Victor Forte (PL) e o presidente, Marcos Kurtz (Podemos), n\u00e3o votaram.<\/p>\n<\/div>\n","protected":false},"excerpt":{"rendered":"<p>Tiago Queiroz\/Estad\u00e3o O vereador de Balne\u00e1rio Cambori\u00fa (SC) Jair Renan Bolsonaro (PL) protocolou uma mo\u00e7\u00e3o<\/p>\n","protected":false},"author":2,"featured_media":51251,"comment_status":"open","ping_status":"open","sticky":false,"template":"","format":"standard","meta":{"footnotes":""},"categories":[13,2],"tags":[978],"aioseo_notices":[],"_links":{"self":[{"href":"https:\/\/portalnewsgta.com.br\/index.php\/wp-json\/wp\/v2\/posts\/51250"}],"collection":[{"href":"https:\/\/portalnewsgta.com.br\/index.php\/wp-json\/wp\/v2\/posts"}],"about":[{"href":"https:\/\/portalnewsgta.com.br\/index.php\/wp-json\/wp\/v2\/types\/post"}],"author":[{"embeddable":true,"href":"https:\/\/portalnewsgta.com.br\/index.php\/wp-json\/wp\/v2\/users\/2"}],"replies":[{"embeddable":true,"href":"https:\/\/portalnewsgta.com.br\/index.php\/wp-json\/wp\/v2\/comments?post=51250"}],"version-history":[{"count":1,"href":"https:\/\/portalnewsgta.com.br\/index.php\/wp-json\/wp\/v2\/posts\/51250\/revisions"}],"predecessor-version":[{"id":51252,"href":"https:\/\/portalnewsgta.com.br\/index.php\/wp-json\/wp\/v2\/posts\/51250\/revisions\/51252"}],"wp:featuredmedia":[{"embeddable":true,"href":"https:\/\/portalnewsgta.com.br\/index.php\/wp-json\/wp\/v2\/media\/51251"}],"wp:attachment":[{"href":"https:\/\/portalnewsgta.com.br\/index.php\/wp-json\/wp\/v2\/media?parent=51250"}],"wp:term":[{"taxonomy":"category","embeddable":true,"href":"https:\/\/portalnewsgta.com.br\/index.php\/wp-json\/wp\/v2\/categories?post=51250"},{"taxonomy":"post_tag","embeddable":true,"href":"https:\/\/portalnewsgta.com.br\/index.php\/wp-json\/wp\/v2\/tags?post=51250"}],"curies":[{"name":"wp","href":"https:\/\/api.w.org\/{rel}","templated":true}]}}