{"id":51228,"date":"2025-04-08T08:09:22","date_gmt":"2025-04-08T11:09:22","guid":{"rendered":"https:\/\/portalnewsgta.com.br\/?p=51228"},"modified":"2025-04-08T08:09:22","modified_gmt":"2025-04-08T11:09:22","slug":"ses-abre-inscricao-para-seminario-online-na-semana-estadual-de-promocao-da-saude","status":"publish","type":"post","link":"https:\/\/portalnewsgta.com.br\/index.php\/2025\/04\/08\/ses-abre-inscricao-para-seminario-online-na-semana-estadual-de-promocao-da-saude\/","title":{"rendered":"SES abre inscri\u00e7\u00e3o para semin\u00e1rio online na Semana Estadual de Promo\u00e7\u00e3o da Sa\u00fade"},"content":{"rendered":"<h2 class=\"subtitulo mb-1\">Semin\u00e1rio ocorrer\u00e1 na quarta e quinta-feira (9 e 10 de abril), das 14h \u00e0s 18h, de forma remota<\/h2>\n<div class=\"autor mb-1\">Maria Eduarda Belchior* | SES &#8211; MT<\/div>\n<div><\/div>\n<div>\n<div class=\"container-fluid pt-4 pb-4\">\n<div class=\"container\">\n<div class=\"row text-center legenda_foto mt-2\">\n<div class=\"col-12\">O semin\u00e1rio ser\u00e1 realizado de forma remota e contar\u00e1 com certifica\u00e7\u00e3o de 8 horas para os participantes<br \/>\n<b>Cr\u00e9dito &#8211;\u00a0<\/b>Secom-MT<\/div>\n<\/div>\n<\/div>\n<\/div>\n<div class=\"container mt-5\">\n<div class=\"row justify-content-md-center\">\n<div class=\"col-sm-11 conteudo\">\n<p>A Secretaria de Estado de Sa\u00fade (SES) realizar\u00e1 o \u201cIV Semin\u00e1rio Mato-Grossense de Promo\u00e7\u00e3o \u00e0 Sa\u00fade: construindo a Pol\u00edtica Estadual de Promo\u00e7\u00e3o da Sa\u00fade\u201d nos dias 9 e 10 de abril, das 14h \u00e0s 18h, com o apoio da Escola de Sa\u00fade P\u00fablica de Mato Grosso. As inscri\u00e7\u00f5es podem ser feitas por meio deste\u00a0<a href=\"https:\/\/sga.esp.saude.mt.gov.br\/f\/dtN2bzZJ\">link<\/a>.<\/p>\n<p>O semin\u00e1rio ser\u00e1 realizado por meio da Coordenadoria de Promo\u00e7\u00e3o e Humaniza\u00e7\u00e3o da Sa\u00fade, de forma remota, no canal da\u00a0<a href=\"https:\/\/www.youtube.com\/@escoladesaudepublicademato5827\">Escola de Sa\u00fade P\u00fablica<\/a>, no YouTube, e contar\u00e1 com certifica\u00e7\u00e3o de 8 horas para os participantes.<\/p>\n<p>O evento tem como objetivo promover espa\u00e7os de di\u00e1logos sobre as etapas do processo de constru\u00e7\u00e3o da Pol\u00edtica Estadual de Promo\u00e7\u00e3o de Sa\u00fade em Mato Grosso (POEPS-MT) e tem como p\u00fablico-alvo os profissionais da sa\u00fade, usu\u00e1rios, gestores, conselheiros municipais e estaduais, institui\u00e7\u00f5es de ensino, comunidade acad\u00eamica e comunidade em geral.<\/p>\n<p>O semin\u00e1rio ser\u00e1 organizado em 4 eixos tem\u00e1ticos: 1) Promo\u00e7\u00e3o da Alimenta\u00e7\u00e3o Adequada e Saud\u00e1vel, Atividade F\u00edsica, Pr\u00e1ticas Corporais e Integrativas; 2) Promo\u00e7\u00e3o da Equidade e do Cuidado, Condicionantes Sociais em Sa\u00fade e A\u00e7\u00f5es Intersetoriais; 3) Promo\u00e7\u00e3o da Vida, Ambientes Saud\u00e1veis e Cultura de Paz e 4) Promo\u00e7\u00e3o da Humaniza\u00e7\u00e3o, Arte e Cultura em Sa\u00fade.<\/p>\n<p>A aula de quarta-feira (9.4) pode ser acessada\u00a0<a href=\"https:\/\/youtube.com\/live\/l18kndS6gN0?feature=share\">neste link<\/a>\u00a0e a de quinta-feira (10.04) pode ser acessada\u00a0<a href=\"https:\/\/youtube.com\/live\/_gw6nhasK7M?feature=share\">neste link<\/a>.<\/p>\n<p>O semin\u00e1rio \u00e9 uma alus\u00e3o \u00e0s datas comemorativas: 31 de mar\u00e7o (Dia da Sa\u00fade e da Nutri\u00e7\u00e3o), 06 de abril (Dia Nacional de Mobiliza\u00e7\u00e3o pela Promo\u00e7\u00e3o da Sa\u00fade e Qualidade de Vida e Dia Mundial da Atividade F\u00edsica), 07 de abril (Dia Mundial da Sa\u00fade) e 04 a 08 de abril (Semana Sa\u00fade na Escola).<\/p>\n<p>&nbsp;<\/p>\n<p><em>*Sob supervis\u00e3o de Ana Lazarini<\/em><\/p>\n<\/div>\n<\/div>\n<\/div>\n<\/div>\n","protected":false},"excerpt":{"rendered":"<p>Semin\u00e1rio ocorrer\u00e1 na quarta e quinta-feira (9 e 10 de abril), das 14h \u00e0s 18h,<\/p>\n","protected":false},"author":2,"featured_media":51229,"comment_status":"open","ping_status":"open","sticky":false,"template":"","format":"standard","meta":{"footnotes":""},"categories":[13,3],"tags":[],"aioseo_notices":[],"_links":{"self":[{"href":"https:\/\/portalnewsgta.com.br\/index.php\/wp-json\/wp\/v2\/posts\/51228"}],"collection":[{"href":"https:\/\/portalnewsgta.com.br\/index.php\/wp-json\/wp\/v2\/posts"}],"about":[{"href":"https:\/\/portalnewsgta.com.br\/index.php\/wp-json\/wp\/v2\/types\/post"}],"author":[{"embeddable":true,"href":"https:\/\/portalnewsgta.com.br\/index.php\/wp-json\/wp\/v2\/users\/2"}],"replies":[{"embeddable":true,"href":"https:\/\/portalnewsgta.com.br\/index.php\/wp-json\/wp\/v2\/comments?post=51228"}],"version-history":[{"count":1,"href":"https:\/\/portalnewsgta.com.br\/index.php\/wp-json\/wp\/v2\/posts\/51228\/revisions"}],"predecessor-version":[{"id":51230,"href":"https:\/\/portalnewsgta.com.br\/index.php\/wp-json\/wp\/v2\/posts\/51228\/revisions\/51230"}],"wp:featuredmedia":[{"embeddable":true,"href":"https:\/\/portalnewsgta.com.br\/index.php\/wp-json\/wp\/v2\/media\/51229"}],"wp:attachment":[{"href":"https:\/\/portalnewsgta.com.br\/index.php\/wp-json\/wp\/v2\/media?parent=51228"}],"wp:term":[{"taxonomy":"category","embeddable":true,"href":"https:\/\/portalnewsgta.com.br\/index.php\/wp-json\/wp\/v2\/categories?post=51228"},{"taxonomy":"post_tag","embeddable":true,"href":"https:\/\/portalnewsgta.com.br\/index.php\/wp-json\/wp\/v2\/tags?post=51228"}],"curies":[{"name":"wp","href":"https:\/\/api.w.org\/{rel}","templated":true}]}}