{"id":51211,"date":"2025-04-08T05:42:58","date_gmt":"2025-04-08T08:42:58","guid":{"rendered":"https:\/\/portalnewsgta.com.br\/index.php\/2025\/04\/08\/pabllo-vittar-convida-nathy-peluso-para-lancamento-da-musica-fantasia\/"},"modified":"2025-04-08T05:42:58","modified_gmt":"2025-04-08T08:42:58","slug":"pabllo-vittar-convida-nathy-peluso-para-lancamento-da-musica-fantasia","status":"publish","type":"post","link":"https:\/\/portalnewsgta.com.br\/index.php\/2025\/04\/08\/pabllo-vittar-convida-nathy-peluso-para-lancamento-da-musica-fantasia\/","title":{"rendered":"Pabllo Vittar convida Nathy Peluso para lan\u00e7amento da m\u00fasica &#8216;Fantas\u00eda&#8217;"},"content":{"rendered":"<p>Pabllo Vittar e Nathy Peluso, duas pot\u00eancias musicais da Am\u00e9rica Latina, se re\u00fanem para o lan\u00e7amento de uma parceria que ser\u00e1 lan\u00e7ada no dia 9 de abril, onde estar\u00e1 dispon\u00edvel em todas as plataformas digitais e o videoclipe que poder\u00e1 ser conferido, no canal do YouTube da Pabllo Vittar, no dia 16 de abril.<\/p>\n<div class=\"dummyPub\">\u00a0<\/div>\n<p>A colabora\u00e7\u00e3o entre Pabllo Vittar e Nathy Peluso, e o lan\u00e7amento da m\u00fasica \u2018Fantas\u00eda\u2019, ser\u00e1 lan\u00e7ada como parte da campanha \u2018Compartilhe uma Coca-Cola\u2019: a celebra\u00e7\u00e3o de momentos compartilhados e as experi\u00eancias \u00fanicas vividas entre amigos e fam\u00edlia. Como ag\u00eancia criativa por tr\u00e1s da campanha, a VML garante que o videoclipe captura essa conex\u00e3o, retratando as artistas habitando mundos diferentes at\u00e9 que o simples gesto de compartilhar uma Coca-Cola reduz as dist\u00e2ncias e as re\u00fane em um tempo e espa\u00e7o compartilhados. Essa collab incorpora perfeitamente a \u00eanfase da campanha em conex\u00f5es genu\u00ednas e em criar momentos especiais por meio de experi\u00eancias compartilhadas.<\/p>\n<p><span class=\"news_bold news_italic\">\u201cO que eu mais gosto na personalidade da Nathy \u00e9 que ela \u00e9 uma mulher muito forte. Ela n\u00e3o tem medo de experimentar, tanto musical quanto estilisticamente,\u201d<\/span> declara Pabllo Vittar. <span class=\"news_bold news_italic\">\u201cSou f\u00e3 dela j\u00e1 h\u00e1 bastante tempo. \u00c9 muito bom poder cocriar com artistas que a gente gosta&#8221;<\/span>, finaliza.<\/p>\n<p><span class=\"news_bold news_italic\">\u201cH\u00e1 muitos anos quer\u00edamos nos conhecer, e nos conhecer fazendo arte juntas \u00e9 ainda mais especial. Estou muito feliz&#8221;<\/span>, disse Nathy Peluso.<\/p>\n<div><a href=\"https:\/\/www.instagram.com\/reel\/DIJugfYOwJ2\/?utm_source=ig_embed&amp;utm_campaign=loading\" target=\"_blank\" rel=\"noopener\"><\/p>\n<div>\n<div>\u00a0<\/div>\n<div>\n<div>\u00a0<\/div>\n<div>\u00a0<\/div>\n<\/div>\n<\/div>\n<div>\u00a0<\/div>\n<div>\u00a0<\/div>\n<div>\n<div>Ver essa foto no Instagram<\/div>\n<\/div>\n<div>\u00a0<\/div>\n<div>\n<div>\n<div>\u00a0<\/div>\n<div>\u00a0<\/div>\n<div>\u00a0<\/div>\n<\/div>\n<div>\n<div>\u00a0<\/div>\n<div>\u00a0<\/div>\n<\/div>\n<div>\n<div>\u00a0<\/div>\n<div>\u00a0<\/div>\n<div>\u00a0<\/div>\n<\/div>\n<\/div>\n<div>\n<div>\u00a0<\/div>\n<div>\u00a0<\/div>\n<\/div>\n<p><\/a><\/p>\n<p><a href=\"https:\/\/www.instagram.com\/reel\/DIJugfYOwJ2\/?utm_source=ig_embed&amp;utm_campaign=loading\" target=\"_blank\" rel=\"noopener\">Uma publica\u00e7\u00e3o compartilhada por Pabllo Vittar (@pabllovittar)<\/a><\/p>\n<\/div>\n<p>Leia Tamb\u00e9m: <a href=\"https:\/\/www.noticiasaominuto.com.br\/fama\/2273870\/madonna-e-elton-john-fazem-as-pazes-apos-anos-de-rivalidade-publica\" target=\"_blank\" rel=\"noopener\">Madonna e Elton John fazem as pazes ap\u00f3s anos de rivalidade p\u00fablica<\/a><\/p>\n<p>Fonte: noticiasaominuto.com.br<\/p>\n","protected":false},"excerpt":{"rendered":"<p>Pabllo Vittar e Nathy Peluso, duas pot\u00eancias musicais da Am\u00e9rica Latina, se re\u00fanem para o<\/p>\n","protected":false},"author":0,"featured_media":51212,"comment_status":"open","ping_status":"open","sticky":false,"template":"","format":"standard","meta":{"footnotes":""},"categories":[6],"tags":[],"aioseo_notices":[],"_links":{"self":[{"href":"https:\/\/portalnewsgta.com.br\/index.php\/wp-json\/wp\/v2\/posts\/51211"}],"collection":[{"href":"https:\/\/portalnewsgta.com.br\/index.php\/wp-json\/wp\/v2\/posts"}],"about":[{"href":"https:\/\/portalnewsgta.com.br\/index.php\/wp-json\/wp\/v2\/types\/post"}],"replies":[{"embeddable":true,"href":"https:\/\/portalnewsgta.com.br\/index.php\/wp-json\/wp\/v2\/comments?post=51211"}],"version-history":[{"count":0,"href":"https:\/\/portalnewsgta.com.br\/index.php\/wp-json\/wp\/v2\/posts\/51211\/revisions"}],"wp:featuredmedia":[{"embeddable":true,"href":"https:\/\/portalnewsgta.com.br\/index.php\/wp-json\/wp\/v2\/media\/51212"}],"wp:attachment":[{"href":"https:\/\/portalnewsgta.com.br\/index.php\/wp-json\/wp\/v2\/media?parent=51211"}],"wp:term":[{"taxonomy":"category","embeddable":true,"href":"https:\/\/portalnewsgta.com.br\/index.php\/wp-json\/wp\/v2\/categories?post=51211"},{"taxonomy":"post_tag","embeddable":true,"href":"https:\/\/portalnewsgta.com.br\/index.php\/wp-json\/wp\/v2\/tags?post=51211"}],"curies":[{"name":"wp","href":"https:\/\/api.w.org\/{rel}","templated":true}]}}