{"id":51018,"date":"2025-04-06T06:42:49","date_gmt":"2025-04-06T09:42:49","guid":{"rendered":"https:\/\/portalnewsgta.com.br\/index.php\/2025\/04\/06\/aos-56-anos-michael-schumacher-foi-avo-de-uma-menina\/"},"modified":"2025-04-06T06:42:49","modified_gmt":"2025-04-06T09:42:49","slug":"aos-56-anos-michael-schumacher-foi-avo-de-uma-menina","status":"publish","type":"post","link":"https:\/\/portalnewsgta.com.br\/index.php\/2025\/04\/06\/aos-56-anos-michael-schumacher-foi-avo-de-uma-menina\/","title":{"rendered":"Aos 56 anos, Michael Schumacher foi av\u00f4 de uma menina"},"content":{"rendered":"<p>A fam\u00edlia de Michael Schumacher acaba de crescer. Nasceu a neta do ex-piloto de F\u00f3rmula 1.<\/p>\n<div class=\"dummyPub\">\u00a0<\/div>\n<p>Depois de anunciar a gravidez em dezembro, a filha do heptacampe\u00e3o, Gina Schumacher, deu as boas-vindas \u00e0 pequena Millie.<\/p>\n<p>Ao compartilhar uma foto da beb\u00ea em seu perfil no Instagram, Gina escreveu: &#8220;Bem-vinda ao mundo, Millie. Nascida no dia 29 de mar\u00e7o, nossos cora\u00e7\u00f5es est\u00e3o mais cheios do que nunca. Somos mais do que aben\u00e7oados por ter voc\u00ea em nossas vidas.&#8221;\u00a0<br \/>\u00a0<\/p>\n<div><a href=\"https:\/\/www.instagram.com\/p\/DIENhsgtzET\/?utm_source=ig_embed&amp;utm_campaign=loading\" target=\"_blank\" rel=\"noopener\"><\/p>\n<div>\n<div>\u00a0<\/div>\n<div>\n<div>\u00a0<\/div>\n<div>\u00a0<\/div>\n<\/div>\n<\/div>\n<div>\u00a0<\/div>\n<div>\u00a0<\/div>\n<div>\n<div>Ver esta publica\u00e7\u00e3o no Instagram<\/div>\n<\/div>\n<div>\u00a0<\/div>\n<div>\n<div>\n<div>\u00a0<\/div>\n<div>\u00a0<\/div>\n<div>\u00a0<\/div>\n<\/div>\n<div>\n<div>\u00a0<\/div>\n<div>\u00a0<\/div>\n<\/div>\n<div>\n<div>\u00a0<\/div>\n<div>\u00a0<\/div>\n<div>\u00a0<\/div>\n<\/div>\n<\/div>\n<div>\n<div>\u00a0<\/div>\n<div>\u00a0<\/div>\n<\/div>\n<p><\/a><\/p>\n<p><a href=\"https:\/\/www.instagram.com\/p\/DIENhsgtzET\/?utm_source=ig_embed&amp;utm_campaign=loading\" target=\"_blank\" rel=\"noopener\">Uma publica\u00e7\u00e3o partilhada por Gina Schumacher (@gina_schumacher)<\/a><\/p>\n<\/div>\n<p>Leia Tamb\u00e9m: <a href=\"https:\/\/www.noticiasaominuto.com.br\/esporte\/2273401\/popo-ameaca-duda-nagle-e-ator-rebate\" target=\"_blank\" rel=\"noopener\">Pop\u00f3 amea\u00e7a Duda Nagle, e ator rebate<\/a><\/p>\n<p>\u00a0<\/p>\n<p>Fonte: noticiasaominuto.com.br<\/p>\n","protected":false},"excerpt":{"rendered":"<p>A fam\u00edlia de Michael Schumacher acaba de crescer. Nasceu a neta do ex-piloto de F\u00f3rmula<\/p>\n","protected":false},"author":0,"featured_media":51019,"comment_status":"open","ping_status":"open","sticky":false,"template":"","format":"standard","meta":{"footnotes":""},"categories":[4],"tags":[],"aioseo_notices":[],"_links":{"self":[{"href":"https:\/\/portalnewsgta.com.br\/index.php\/wp-json\/wp\/v2\/posts\/51018"}],"collection":[{"href":"https:\/\/portalnewsgta.com.br\/index.php\/wp-json\/wp\/v2\/posts"}],"about":[{"href":"https:\/\/portalnewsgta.com.br\/index.php\/wp-json\/wp\/v2\/types\/post"}],"replies":[{"embeddable":true,"href":"https:\/\/portalnewsgta.com.br\/index.php\/wp-json\/wp\/v2\/comments?post=51018"}],"version-history":[{"count":0,"href":"https:\/\/portalnewsgta.com.br\/index.php\/wp-json\/wp\/v2\/posts\/51018\/revisions"}],"wp:featuredmedia":[{"embeddable":true,"href":"https:\/\/portalnewsgta.com.br\/index.php\/wp-json\/wp\/v2\/media\/51019"}],"wp:attachment":[{"href":"https:\/\/portalnewsgta.com.br\/index.php\/wp-json\/wp\/v2\/media?parent=51018"}],"wp:term":[{"taxonomy":"category","embeddable":true,"href":"https:\/\/portalnewsgta.com.br\/index.php\/wp-json\/wp\/v2\/categories?post=51018"},{"taxonomy":"post_tag","embeddable":true,"href":"https:\/\/portalnewsgta.com.br\/index.php\/wp-json\/wp\/v2\/tags?post=51018"}],"curies":[{"name":"wp","href":"https:\/\/api.w.org\/{rel}","templated":true}]}}