{"id":50974,"date":"2025-04-05T11:44:50","date_gmt":"2025-04-05T14:44:50","guid":{"rendered":"https:\/\/portalnewsgta.com.br\/?p=50974"},"modified":"2025-04-05T11:44:50","modified_gmt":"2025-04-05T14:44:50","slug":"prefeito-diz-que-nao-houve-anuncio-de-investimentos-na-visita-de-lula-ao-xingu-e-faz-criticas-nenhuma-novidade","status":"publish","type":"post","link":"https:\/\/portalnewsgta.com.br\/index.php\/2025\/04\/05\/prefeito-diz-que-nao-houve-anuncio-de-investimentos-na-visita-de-lula-ao-xingu-e-faz-criticas-nenhuma-novidade\/","title":{"rendered":"Prefeito diz que n\u00e3o houve an\u00fancio de investimentos na visita de Lula ao Xingu e faz cr\u00edticas; \u201cnenhuma novidade\u201d"},"content":{"rendered":"<p>O prefeito Sandro Jos\u00e9 Luz Costa, de S\u00e3o Jos\u00e9 do Xingu, lamentou que ontem, durante visita do presidente Lula e ministros \u00e0 aldeia Piara\u00e7u, n\u00e3o tenha sido anunciado nenhum investimento para a regi\u00e3o. Dentre as demandas aguardadas h\u00e1 v\u00e1rios anos pelos moradores, est\u00e1 a libera\u00e7\u00e3o da pavimenta\u00e7\u00e3o da MT-322, que apesar de pertencer atualmente ao governo estadual, se trata de \u00e1rea pr\u00f3xima \u00e0 reserva ind\u00edgena e necessita de v\u00e1rias autoriza\u00e7\u00f5es de \u00f3rg\u00e3os federais.<\/p>\n<p>\u201cHoje esteve aqui o presidente Lula, cacique Raoni e toda uma comitiva e, terminadas as reuni\u00f5es, infelizmente n\u00e3o temos ainda nenhuma not\u00edcia boa para nossa comunidade e para nossa regi\u00e3o do Araguaia, Xingu e Nort\u00e3o com rela\u00e7\u00e3o \u00e0 MT-322, BR-242 ou BR-158. Nenhuma novidade.\u00a0Com rela\u00e7\u00e3o especificamente sobre a MT-322, o presidente Lula n\u00e3o sinalizou sobre a libera\u00e7\u00e3o dessa pavimenta\u00e7\u00e3o, passou a bola para o ministro F\u00e1varo a quem caber\u00e1 estar conduzindo o tr\u00e2mite para que haja possivelmente a libera\u00e7\u00e3o da MT-322 para pavimenta\u00e7\u00e3o\u201d, disse o prefeito.<\/p>\n<p>A rodovia conta com cerca de 124 km de extens\u00e3o entre Peixoto de Azevedo e S\u00e3o Jos\u00e9 do Xingu, passando dentro do territ\u00f3rio do Xingu e das terras ind\u00edgenas Capoto Jarina. \u201cEstamos contando com o ministro F\u00e1varo possa realmente fazer essa intermedia\u00e7\u00e3o e trazer uma solu\u00e7\u00e3o para que o governo do Estado possa fazer a pavimenta\u00e7\u00e3o da MT-322 e tirar do isolamento toda essa regi\u00e3o do Araguaia, Xingu e Nort\u00e3o. Estamos praticamente ilhados. Pessoas que saem daqui para Peixoto de Azevedo v\u00e3o gastar de 12 a 16 horas e, se conseguir, passar pelos atoleiros. Problemas tamb\u00e9m sentido Al\u00f4 Brasil\u201d.<\/p>\n<p>\u201c\u00c9 toda uma regi\u00e3o que depende que o IBAMA libere essa pavimenta\u00e7\u00e3o e que fa\u00e7a a delega\u00e7\u00e3o para que a SEMA possa tramitar esse processo e realmente daqui a pouco, depois de todos os tr\u00e2mites e projetos adequados, conseguir realmente mudar desse povo. Todos sabem dos nossos esfor\u00e7os nos \u00faltimos anos para que essa estrada esteja minimamente trafeg\u00e1vel para que a comunidade ind\u00edgena pudesse chegar e sair de suas aldeias e para que toda a popula\u00e7\u00e3o e toda a regi\u00e3o que atravessa a MT-322 possa chegar em suas resid\u00eancias, mas infelizmente, n\u00e3o podemos mais ficar enxugando gelo. \u00c9 um fardo pesado que tem sido colocado em cima da prefeitura de S\u00e3o Jos\u00e9 do Xingu e poderia ser facilmente resolvido se o governo federal liberasse para que o governo do Estado fizesse a pavimenta\u00e7\u00e3o da MT-322\u201d, lamentou o prefeito.<\/p>\n<p>Sandro relembrou que a rodovia pertencia ao governo federal. \u201cEssa rodovia era BR-080, mas l\u00e1 no passado o governo federal n\u00e3o teve compet\u00eancia de fazer essa pavimenta\u00e7\u00e3o, foi transformada em uma MT e hoje o governo federal n\u00e3o tem colaborado para que haja essa pavimenta\u00e7\u00e3o, n\u00e3o tem dialogo, n\u00e3o tem buscado uma solu\u00e7\u00e3o\u201d, criticou.<\/p>\n<p>Al\u00e9m da pavimenta\u00e7\u00e3o, o prefeito de S\u00e3o Jos\u00e9 do Xingu tamb\u00e9m destacou problemas na sa\u00fade da regi\u00e3o, com falta de unidades b\u00e1sicas de sa\u00fade, inclusive para atender aos povos ind\u00edgenas. \u201cEstamos aqui solicitando e mostrando ao governo federal que existe uma popula\u00e7\u00e3o que necessita de infraestrutura e investimentos na sa\u00fade. Solicitamos aqui para a aldeia Piara\u00e7u a constru\u00e7\u00e3o de um posto de sa\u00fade. Hoje, a \u00fanica unidade de sa\u00fade que tem foi constru\u00edda pela prefeitura. Cabe hoje aqui um polo de sa\u00fade para atender todas as comunidades ind\u00edgenas\u201d.<\/p>\n<p>Conforme S\u00f3 Not\u00edcias j\u00e1 informou,\u00a0<a href=\"https:\/\/www.sonoticias.com.br\/politica\/lula-afirma-no-nortao-que-indigenas-sao-fundamentais-para-zerar-o-desmatamento\/\">durante a agenda na aldeia, Lula condecorou o Cacique Raoni<\/a>, principal lideran\u00e7a ind\u00edgena do Brasil, com a Ordem Nacional com a Gr\u00e3-Cruz, maior condecora\u00e7\u00e3o do Estado. Durante seu discurso, salientou que ind\u00edgenas s\u00e3o fundamentais para zerar o desmatamento.<\/p>\n","protected":false},"excerpt":{"rendered":"<p>O prefeito Sandro Jos\u00e9 Luz Costa, de S\u00e3o Jos\u00e9 do Xingu, lamentou que ontem, durante<\/p>\n","protected":false},"author":2,"featured_media":50975,"comment_status":"open","ping_status":"open","sticky":false,"template":"","format":"standard","meta":{"footnotes":""},"categories":[13,2],"tags":[],"aioseo_notices":[],"_links":{"self":[{"href":"https:\/\/portalnewsgta.com.br\/index.php\/wp-json\/wp\/v2\/posts\/50974"}],"collection":[{"href":"https:\/\/portalnewsgta.com.br\/index.php\/wp-json\/wp\/v2\/posts"}],"about":[{"href":"https:\/\/portalnewsgta.com.br\/index.php\/wp-json\/wp\/v2\/types\/post"}],"author":[{"embeddable":true,"href":"https:\/\/portalnewsgta.com.br\/index.php\/wp-json\/wp\/v2\/users\/2"}],"replies":[{"embeddable":true,"href":"https:\/\/portalnewsgta.com.br\/index.php\/wp-json\/wp\/v2\/comments?post=50974"}],"version-history":[{"count":1,"href":"https:\/\/portalnewsgta.com.br\/index.php\/wp-json\/wp\/v2\/posts\/50974\/revisions"}],"predecessor-version":[{"id":50976,"href":"https:\/\/portalnewsgta.com.br\/index.php\/wp-json\/wp\/v2\/posts\/50974\/revisions\/50976"}],"wp:featuredmedia":[{"embeddable":true,"href":"https:\/\/portalnewsgta.com.br\/index.php\/wp-json\/wp\/v2\/media\/50975"}],"wp:attachment":[{"href":"https:\/\/portalnewsgta.com.br\/index.php\/wp-json\/wp\/v2\/media?parent=50974"}],"wp:term":[{"taxonomy":"category","embeddable":true,"href":"https:\/\/portalnewsgta.com.br\/index.php\/wp-json\/wp\/v2\/categories?post=50974"},{"taxonomy":"post_tag","embeddable":true,"href":"https:\/\/portalnewsgta.com.br\/index.php\/wp-json\/wp\/v2\/tags?post=50974"}],"curies":[{"name":"wp","href":"https:\/\/api.w.org\/{rel}","templated":true}]}}