{"id":50678,"date":"2025-04-02T22:43:02","date_gmt":"2025-04-03T01:43:02","guid":{"rendered":"https:\/\/portalnewsgta.com.br\/index.php\/2025\/04\/02\/fioti-nega-desvio-de-r-6-milhoes-e-diz-estar-arrasado-por-briga-com-emicida\/"},"modified":"2025-04-02T22:43:02","modified_gmt":"2025-04-03T01:43:02","slug":"fioti-nega-desvio-de-r-6-milhoes-e-diz-estar-arrasado-por-briga-com-emicida","status":"publish","type":"post","link":"https:\/\/portalnewsgta.com.br\/index.php\/2025\/04\/02\/fioti-nega-desvio-de-r-6-milhoes-e-diz-estar-arrasado-por-briga-com-emicida\/","title":{"rendered":"Fi\u00f3ti nega desvio de R$ 6 milh\u00f5es e diz estar arrasado por briga com Emicida"},"content":{"rendered":"<p>S\u00c3O PAULO, SP (FOLHAPRESS) &#8211; O m\u00fasico e empres\u00e1rio Fi\u00f3ti disse, em nota divulgada nesta quarta-feira (2), que a exposi\u00e7\u00e3o da disputa com Emicida pelo controle da Laborat\u00f3rio Fantasma o deixou arrasado. No comunicado, ele &#8220;refuta veementemente&#8221; a acusa\u00e7\u00e3o p\u00fablica de desvio de R$ 6 milh\u00f5es que o irm\u00e3o faz em um processo que corre na Justi\u00e7a de S\u00e3o Paulo.<\/p>\n<div class=\"dummyPub\">\u00a0<\/div>\n<p>&#8220;Fiz uma retirada de lucros significativa recentemente, de um valor que me era de direito, com a ci\u00eancia de todos os s\u00f3cios&#8221;, escreve Fi\u00f3ti na mensagem. &#8220;\u00c9 importante destacar que meu irm\u00e3o e s\u00f3cio tamb\u00e9m fez retiradas de lucros significativas nos \u00faltimos anos, que alcan\u00e7am montantes muito mais altos -mas tudo sempre acordado entre n\u00f3s.&#8221;<\/p>\n<p>O empres\u00e1rio afirma ainda que, h\u00e1 algum tempo, Emicida manifestou o desejo de fazer uma cis\u00e3o no grupo empresarial Lab Fantasma, que \u00e9 composto por algumas empresas, negociando a separa\u00e7\u00e3o de patrim\u00f4nio sob a orienta\u00e7\u00e3o de advogados.<\/p>\n<p>&#8220;Infelizmente, ainda n\u00e3o chegamos a um acordo&#8221;, diz o m\u00fasico, lamentando que o caso tenha chegado \u00e0 imprensa.<\/p>\n<p>Em outro trecho, Fi\u00f3ti diz que segue &#8220;buscando resolver essa situa\u00e7\u00e3o da forma mais respeitosa e justa poss\u00edvel, infelizmente agora com a intermedia\u00e7\u00e3o da Justi\u00e7a&#8221; e afirma respeitar o irm\u00e3o como artista.<\/p>\n<p>&#8220;O que constru\u00edmos juntos \u00e9 muito maior que esse lament\u00e1vel e triste epis\u00f3dio em que estamos imersos -e que n\u00e3o traduz os valores que trouxemos de casa, nem os que nos conduziram nessa trilha de sucesso art\u00edstico e empresarial que inspirou tanta gente&#8221;, afirma.<\/p>\n<p>O rompimento dos irm\u00e3os veio a p\u00fablico na sexta (28), quando Emicida anunciou nas redes que Fi\u00f3ti n\u00e3o o representava mais, mas os atritos v\u00eam de antes. No fim do ano passado, os dois chegaram a um acordo para realizar a separa\u00e7\u00e3o da sociedade, num processo que deveria durar entre tr\u00eas e seis meses. A ideia era inclusive nomear um executivo para dirigir provisoriamente as opera\u00e7\u00f5es do Laborat\u00f3rio Fantasma.<\/p>\n<p>Mas, em janeiro, Emicida diz ter descoberto uma retirada de R$ 1 milh\u00e3o da empresa para a conta de Fi\u00f3ti. Por isso, ele resolveu fazer uma pesquisa -e com isso localizou outras retiradas ao longo de nove meses, que somam os R$ 6 milh\u00f5es.<\/p>\n<p>O rapper ent\u00e3o anulou uma procura\u00e7\u00e3o que dava ao irm\u00e3o poderes de gest\u00e3o na sociedade, barrando o acesso dele \u00e0s contas do Laborat\u00f3rio Fantasma.<\/p>\n<p>Fi\u00f3ti, ent\u00e3o, entrou na Justi\u00e7a para ter o acesso restabelecido. No processo, ele tamb\u00e9m pede que o irm\u00e3o seja impedido de retirar dinheiro da empresa ou assinar novos contratos -e que tamb\u00e9m n\u00e3o possa se apresentar publicamente como \u00fanico s\u00f3cio.<\/p>\n<p>A Justi\u00e7a negou o pedido de liminar que ele tinha feito para voltar a ter acesso aos recursos da empresa.<\/p>\n<p>O empres\u00e1rio afirma que a acusa\u00e7\u00e3o de desvio n\u00e3o tem fundamento e que as transfer\u00eancias eram retiradas de lucros a que tinha direito -e que elas foram comunicadas a Emicida em um email.<\/p>\n<p>Numa nota, Fi\u00f3ti diz que todas &#8220;as movimenta\u00e7\u00f5es feitas durante sua gest\u00e3o foram transparentes, registradas e seguindo os procedimentos financeiros adotados pelos gestores&#8221;. Segundo ele, a acusa\u00e7\u00e3o de desvio &#8220;\u00e9 falsa e inverte os fatos&#8221; -e Emicida recebeu valores superiores, incluindo distribui\u00e7\u00e3o de lucros, o que estaria provado nos pr\u00f3prios documentos do processo.<\/p>\n<p>Segundo o contrato da sociedade, Emicida tem 90% de participa\u00e7\u00e3o na empresa, enquanto Fi\u00f3ti tem 10% das cotas.<\/p>\n<p>A defesa de Fi\u00f3ti argumenta que, apesar da composi\u00e7\u00e3o societ\u00e1ria formal, as empresas do grupo pretendem criar divis\u00e3o de lucros meio a meio entre os irm\u00e3os.<\/p>\n<p>Emicida se queixa tamb\u00e9m da presta\u00e7\u00e3o de contas de sua carreira art\u00edstica por um longo per\u00edodo -embora o Laborat\u00f3rio Fantasma represente outros nomes, o rapper diz que 80% do faturamento da empresa vem de seu trabalho musical.<\/p>\n<p><span class=\"news_bold\">LEIA A \u00cdNTEGRA DO COMUNICADO DE FI\u00d3TI<\/span><\/p>\n<p><span class=\"news_italic\">&#8220;A exposi\u00e7\u00e3o da situa\u00e7\u00e3o contratual e jur\u00eddica da Lab Fantasma -al\u00e9m de quest\u00f5es familiares- na esfera p\u00fablica me deixou arrasado. Quem trabalha ou trabalhou ao meu lado sabe da minha conduta, transpar\u00eancia e \u00e9tica. Estou lidando com tudo isso com o m\u00e1ximo de cuidado e respeito. Apesar das diverg\u00eancias, sigo buscando resolver essa situa\u00e7\u00e3o da forma mais respeitosa e justa poss\u00edvel, infelizmente agora com a intermedia\u00e7\u00e3o da Justi\u00e7a.<\/span><\/p>\n<p><span class=\"news_italic\">Criamos a Lab Fantasma h\u00e1 16 anos, e sinto que conseguimos transformar um sonho independente em uma refer\u00eancia nacional de inova\u00e7\u00e3o, representatividade e impacto cultural. A ideia sempre foi ultrapassar o entretenimento, criando oportunidades para artistas de origens como as nossas, ampliando narrativas perif\u00e9ricas e promovendo mudan\u00e7as na ind\u00fastria da m\u00fasica, da moda e da comunica\u00e7\u00e3o no Brasil. O sucesso da Lab \u00e9 coletivo porque se sustenta na valoriza\u00e7\u00e3o de identidades historicamente marginalizadas, provando que \u00e9 poss\u00edvel crescer sem abrir m\u00e3o de princ\u00edpios.<\/span><\/p>\n<p><span class=\"news_italic\">Como em qualquer sociedade ou rela\u00e7\u00e3o familiar de longa data, diverg\u00eancias podem surgir -\u00e9 natural. H\u00e1 algum tempo, meu irm\u00e3o manifestou o desejo de fazermos uma cis\u00e3o no grupo empresarial Lab Fantasma. Ficou combinado que far\u00edamos uma avalia\u00e7\u00e3o do grupo, composto por algumas empresas, e negociar\u00edamos a separa\u00e7\u00e3o do patrim\u00f4nio, orientados por nossos advogados. Infelizmente, ainda n\u00e3o chegamos a um acordo, e nossa negocia\u00e7\u00e3o foi exposta na imprensa, na esfera p\u00fablica, onde jamais deveria estar -especialmente em respeito \u00e0 nossa fam\u00edlia e a todos que trabalham com a gente.<\/span><\/p>\n<p><span class=\"news_italic\">Eu s\u00f3 vim aqui porque sou empres\u00e1rio e n\u00e3o posso deixar de responder a uma acusa\u00e7\u00e3o p\u00fablica de desvio de dinheiro, o que refuto veementemente. Gostaria de deixar claro que todas as movimenta\u00e7\u00f5es realizadas durante a minha gest\u00e3o, incluindo a distribui\u00e7\u00e3o de lucros para os s\u00f3cios, foram transparentes e registradas de acordo com os procedimentos padr\u00e3o das \u00e1reas administrativa e financeira da Lab Fantasma.<\/span><\/p>\n<p><span class=\"news_italic\">Fiz uma retirada de lucros significativa recentemente, de um valor que me era de direito, com a ci\u00eancia de todos os s\u00f3cios. \u00c9 importante destacar que meu irm\u00e3o e s\u00f3cio tamb\u00e9m fez retiradas de lucros significativas nos \u00faltimos anos, que alcan\u00e7am montantes muito mais altos -mas tudo sempre acordado entre n\u00f3s.<\/span><\/p>\n<p><span class=\"news_italic\">Quero ressaltar que respeito muito o Leandro como artista, e espero que a gente chegue a um lugar comum o quanto antes como s\u00f3cios. O que constru\u00edmos juntos \u00e9 muito maior que esse lament\u00e1vel e triste epis\u00f3dio em que estamos imersos -e que n\u00e3o traduz os valores que trouxemos de casa, nem os que nos conduziram nessa trilha de sucesso art\u00edstico e empresarial que inspirou tanta gente.&#8221;<\/span><\/p>\n<p>Fonte: noticiasaominuto.com.br<\/p>\n","protected":false},"excerpt":{"rendered":"<p>S\u00c3O PAULO, SP (FOLHAPRESS) &#8211; O m\u00fasico e empres\u00e1rio Fi\u00f3ti disse, em nota divulgada nesta<\/p>\n","protected":false},"author":0,"featured_media":50679,"comment_status":"open","ping_status":"open","sticky":false,"template":"","format":"standard","meta":{"footnotes":""},"categories":[6],"tags":[],"aioseo_notices":[],"_links":{"self":[{"href":"https:\/\/portalnewsgta.com.br\/index.php\/wp-json\/wp\/v2\/posts\/50678"}],"collection":[{"href":"https:\/\/portalnewsgta.com.br\/index.php\/wp-json\/wp\/v2\/posts"}],"about":[{"href":"https:\/\/portalnewsgta.com.br\/index.php\/wp-json\/wp\/v2\/types\/post"}],"replies":[{"embeddable":true,"href":"https:\/\/portalnewsgta.com.br\/index.php\/wp-json\/wp\/v2\/comments?post=50678"}],"version-history":[{"count":0,"href":"https:\/\/portalnewsgta.com.br\/index.php\/wp-json\/wp\/v2\/posts\/50678\/revisions"}],"wp:featuredmedia":[{"embeddable":true,"href":"https:\/\/portalnewsgta.com.br\/index.php\/wp-json\/wp\/v2\/media\/50679"}],"wp:attachment":[{"href":"https:\/\/portalnewsgta.com.br\/index.php\/wp-json\/wp\/v2\/media?parent=50678"}],"wp:term":[{"taxonomy":"category","embeddable":true,"href":"https:\/\/portalnewsgta.com.br\/index.php\/wp-json\/wp\/v2\/categories?post=50678"},{"taxonomy":"post_tag","embeddable":true,"href":"https:\/\/portalnewsgta.com.br\/index.php\/wp-json\/wp\/v2\/tags?post=50678"}],"curies":[{"name":"wp","href":"https:\/\/api.w.org\/{rel}","templated":true}]}}