{"id":4992,"date":"2024-04-23T06:01:47","date_gmt":"2024-04-23T09:01:47","guid":{"rendered":"https:\/\/portalnewsgta.com.br\/index.php\/2024\/04\/23\/comissao-de-meio-ambiente-discute-combate-a-incendios-no-pantanal-e-caso-de-desmate-quimico\/"},"modified":"2024-04-24T07:22:47","modified_gmt":"2024-04-24T10:22:47","slug":"comissao-de-meio-ambiente-discute-combate-a-incendios-no-pantanal-e-caso-de-desmate-quimico","status":"publish","type":"post","link":"https:\/\/portalnewsgta.com.br\/index.php\/2024\/04\/23\/comissao-de-meio-ambiente-discute-combate-a-incendios-no-pantanal-e-caso-de-desmate-quimico\/","title":{"rendered":"Comiss\u00e3o de Meio Ambiente discute combate a inc\u00eandios no Pantanal e caso de desmate qu\u00edmico"},"content":{"rendered":"<div>\n<div id=\"infocoweb\" class=\"infocoweb infocoweb_canal_44\" data-uuid=\"ec60c0e1-e081-4ab5-b20e-e1514893040c\">\n<div id=\"infocoweb_cabecalho\" class=\"infocoweb_cabecalho\"><\/div>\n<div id=\"infocoweb_corpo\" class=\"infocoweb_corpo\">\n<p>&nbsp;<\/p>\n<div class=\"template-border-midia\">\n<p>A secret\u00e1ria de estado de Meio Ambiente, Mauren Lazzaretti, participou, de forma remota, da reuni\u00e3o ordin\u00e1ria da Comiss\u00e3o de Meio Ambiente, Recursos H\u00eddricos e Recursos Minerais da Assembleia Legislativa, na tarde desta ter\u00e7a-feira (23). No encontro, ela falou sobre acordo de coopera\u00e7\u00e3o t\u00e9cnica para atua\u00e7\u00e3o integrada nos combates a inc\u00eandios no Pantanal, assinado recentemente, e tamb\u00e9m deu informa\u00e7\u00f5es do caso do pecuarista multado por desmate qu\u00edmico realizado no munic\u00edpio de Bar\u00e3o de Melga\u00e7o.<\/p>\n<p>O presidente da comiss\u00e3o, deputado estadual Carlos Avallone (PSDB), disse estar preocupado em prevenir esse tipo de crime ambiental. Em resposta ao parlamentar, a chefe da Secretaria Estadual de Meio Ambiente (Sema\/MT) afirmou que j\u00e1 foi solicitada atualiza\u00e7\u00e3o no sistema de monitoramento para que seja poss\u00edvel identificar desmates qu\u00edmicos. Al\u00e9m disso, ela disse que a Universidade Federal de Mato Grosso (UFMT) far\u00e1 pesquisas voltadas para o combate da pr\u00e1tica.<\/p>\n<p>Tamb\u00e9m foram explicadas as medidas judiciais que est\u00e3o sendo tomadas contra os respons\u00e1veis pelo crime ambiental. \u201cFoi feito um arresto de bens do pecuarista em rela\u00e7\u00e3o \u00e0 fazenda e foi nomeado um administrador judicial que vai coordenar a propriedade, por enquanto, at\u00e9 conseguir recursos para combater os crimes ambientais cometidos. Isso foi o que a secret\u00e1ria Mauren colocou para n\u00f3s hoje\u201d, resumiu Avallone. O parlamentar juntamente com o vice-presidente da comiss\u00e3o, deputado Wilson Santos (PSDB) visitou o local da autua\u00e7\u00e3o. \u201c\u00c9 um verdadeiro cemit\u00e9rio de \u00e1rvores. A destrui\u00e7\u00e3o \u00e9 chocante. Fizemos quest\u00e3o de ir l\u00e1 checar. \u00c9 muito pr\u00f3ximo de Cuiab\u00e1\u201d, afirmou Santos.<\/p>\n<p>O acordo de coopera\u00e7\u00e3o t\u00e9cnica assinado por Mato Grosso, Mato Grosso do Sul e Minist\u00e9rio do Meio Ambiente, no \u00faltimo dia 18, foi outro tema tratado por Lazzaretti. O pacto foi feito para estabelecer a\u00e7\u00f5es conjuntas entre os estados no enfrentamento a inc\u00eandios no Pantanal, como estrat\u00e9gias de monitoramento e resgate de animais silvestres. \u201cO objetivo \u00e9 ampliar a atua\u00e7\u00e3o integrada. Ainda deve vir um acordo dos estados com o Ibama, em que a expectativa \u00e9 que sejam disponibilizados recursos\u201d, afirmou a secret\u00e1ria.<\/p>\n<p>Tamb\u00e9m participaram do encontro representantes da prefeitura de C\u00e1ceres, Associa\u00e7\u00e3o dos Criadores de Mato Grosso (Acrimat), Secretaria Estadual de Infraestrutura e Log\u00edstica e Defesa Civil, entre outros.<\/p>\n<div class=\"row\">\n<div class=\"col-xs-12\">\n<hr \/>\n<div class=\"box-assinatura\">\n<p class=\"classe-setor\">Secretaria de Comunica\u00e7\u00e3o Social<\/p>\n<p class=\"assinatura\">Telefone: <i class=\"fa fa-phone\"><\/i> (65) 3313-6283<\/p>\n<p class=\"assinatura\">E-mail: <i class=\"fa fa-envelope\"><\/i> imprensa1al@gmail.com<\/p>\n<\/div>\n<\/div>\n<\/div>\n<hr \/>\n<\/div>\n<p id=\"infocoweb_fonte\" class=\"infocoweb_fonte\">Fonte: ALMT \u2013 MT<\/p>\n<style>#infocoweb_cabecalho {<br \/>        display: inline-block;<br \/>        margin-top: -75px;<br \/>        position: absolute;<br \/>        right: 0;<br \/>    }<br \/><\/style>\n<style><\/style>\n<\/div>\n<div id=\"infocoweb_rodape\" class=\"infocoweb_rodape\"><\/div>\n<\/div>\n<p>O post Comiss\u00e3o de Meio Ambiente discute combate a inc\u00eandios no Pantanal e caso de desmate qu\u00edmico apareceu primeiro em Portal MT.<\/p>\n<\/div>\n","protected":false},"excerpt":{"rendered":"<p>&nbsp; A secret\u00e1ria de estado de Meio Ambiente, Mauren Lazzaretti, participou, de forma remota, da<\/p>\n","protected":false},"author":2,"featured_media":4993,"comment_status":"closed","ping_status":"closed","sticky":false,"template":"","format":"standard","meta":{"footnotes":""},"categories":[2],"tags":[],"aioseo_notices":[],"_links":{"self":[{"href":"https:\/\/portalnewsgta.com.br\/index.php\/wp-json\/wp\/v2\/posts\/4992"}],"collection":[{"href":"https:\/\/portalnewsgta.com.br\/index.php\/wp-json\/wp\/v2\/posts"}],"about":[{"href":"https:\/\/portalnewsgta.com.br\/index.php\/wp-json\/wp\/v2\/types\/post"}],"author":[{"embeddable":true,"href":"https:\/\/portalnewsgta.com.br\/index.php\/wp-json\/wp\/v2\/users\/2"}],"replies":[{"embeddable":true,"href":"https:\/\/portalnewsgta.com.br\/index.php\/wp-json\/wp\/v2\/comments?post=4992"}],"version-history":[{"count":2,"href":"https:\/\/portalnewsgta.com.br\/index.php\/wp-json\/wp\/v2\/posts\/4992\/revisions"}],"predecessor-version":[{"id":5020,"href":"https:\/\/portalnewsgta.com.br\/index.php\/wp-json\/wp\/v2\/posts\/4992\/revisions\/5020"}],"wp:featuredmedia":[{"embeddable":true,"href":"https:\/\/portalnewsgta.com.br\/index.php\/wp-json\/wp\/v2\/media\/4993"}],"wp:attachment":[{"href":"https:\/\/portalnewsgta.com.br\/index.php\/wp-json\/wp\/v2\/media?parent=4992"}],"wp:term":[{"taxonomy":"category","embeddable":true,"href":"https:\/\/portalnewsgta.com.br\/index.php\/wp-json\/wp\/v2\/categories?post=4992"},{"taxonomy":"post_tag","embeddable":true,"href":"https:\/\/portalnewsgta.com.br\/index.php\/wp-json\/wp\/v2\/tags?post=4992"}],"curies":[{"name":"wp","href":"https:\/\/api.w.org\/{rel}","templated":true}]}}