{"id":49470,"date":"2025-03-22T15:43:07","date_gmt":"2025-03-22T18:43:07","guid":{"rendered":"https:\/\/portalnewsgta.com.br\/index.php\/2025\/03\/22\/osmar-prado-chora-ao-lembrar-de-cena-que-gravou-em-renascer\/"},"modified":"2025-03-22T15:43:07","modified_gmt":"2025-03-22T18:43:07","slug":"osmar-prado-chora-ao-lembrar-de-cena-que-gravou-em-renascer","status":"publish","type":"post","link":"https:\/\/portalnewsgta.com.br\/index.php\/2025\/03\/22\/osmar-prado-chora-ao-lembrar-de-cena-que-gravou-em-renascer\/","title":{"rendered":"Osmar Prado chora ao lembrar de cena que gravou em &#8216;Renascer&#8217;"},"content":{"rendered":"<p>SALVADOR, BA (UOL\/FOLHAPRESS) &#8211; Osmar Prado, 77, foi o convidado de hoje no \u00c9 de Casa, da TV Globo e se emocionou ao lembrar da amizade com Benedito Ruy Barbosa e do seu personagem Ti\u00e3o Galinha, na primeira vers\u00e3o de Renascer.<\/p>\n<div class=\"dummyPub\">\u00a0<\/div>\n<p>O ator chorou ao falar da rela\u00e7\u00e3o com o autor de novelas e o personagem da novela. &#8220;N\u00f3s convers\u00e1vamos ao telefone sobre o Ti\u00e3o e, muitas vezes, o Benedito&#8230;\u00c9 dif\u00edcil falar sobre isso. O autor, quer dizer, o criador Benedito&#8230;&#8221;<\/p>\n<p>Osmar Prado precisou parar de falar por alguns segundos e, ao retomar sua fala, contou como ele e Benedito constru\u00edram o personagem. &#8220;Vou falar. N\u00f3s emocion\u00e1vamos: autor e int\u00e9rprete. Benedito descrevia a cena, veja como voc\u00ea gosta [&#8230;] Ti\u00e3o \u00e9 um drama da maioria do povo brasileiro que \u00e9 mantido na pobreza e na ignor\u00e2ncia e busca artif\u00edcios pr\u00f3ximos da loucura para poder sair da mis\u00e9ria.&#8221;<\/p>\n<p>Ti\u00e3o \u00e9 a descri\u00e7\u00e3o da realidade desse povo. Um ator que v\u00ea orgulho de poder representar um pouco dessa dor. Osmar Prado<\/p>\n<p>O artista ainda agradeceu por fazer um personagem ic\u00f4nico. &#8220;Eu acho que ser ator \u00e9 ter o privil\u00e9gio de ter feito esses personagens. Eu me considero consagrado e feliz, mas n\u00e3o perdi ainda o entusiasmo de ser ator.&#8221;<\/p>\n<p>Hoje eu tenho essa imagem e jamais mexeria em qualquer detalhe do meu rosto porque essa \u00e9 a minha m\u00e1scara social que eu uso e est\u00e1 a servi\u00e7o da cria\u00e7\u00e3o desses personagens. Osmar Prado<\/p>\n<p>Leia Tamb\u00e9m: <a href=\"https:\/\/www.noticiasaominuto.com.br\/fama\/2269571\/marido-de-lily-allen-teria-tido-um-caso-durante-tres-anos\" target=\"_blank\" rel=\"noopener\">Marido de Lily Allen teria tido um caso durante tr\u00eas anos<\/a><\/p>\n<p>Fonte: noticiasaominuto.com.br<\/p>\n","protected":false},"excerpt":{"rendered":"<p>SALVADOR, BA (UOL\/FOLHAPRESS) &#8211; Osmar Prado, 77, foi o convidado de hoje no \u00c9 de<\/p>\n","protected":false},"author":0,"featured_media":49471,"comment_status":"open","ping_status":"open","sticky":false,"template":"","format":"standard","meta":{"footnotes":""},"categories":[6],"tags":[],"aioseo_notices":[],"_links":{"self":[{"href":"https:\/\/portalnewsgta.com.br\/index.php\/wp-json\/wp\/v2\/posts\/49470"}],"collection":[{"href":"https:\/\/portalnewsgta.com.br\/index.php\/wp-json\/wp\/v2\/posts"}],"about":[{"href":"https:\/\/portalnewsgta.com.br\/index.php\/wp-json\/wp\/v2\/types\/post"}],"replies":[{"embeddable":true,"href":"https:\/\/portalnewsgta.com.br\/index.php\/wp-json\/wp\/v2\/comments?post=49470"}],"version-history":[{"count":0,"href":"https:\/\/portalnewsgta.com.br\/index.php\/wp-json\/wp\/v2\/posts\/49470\/revisions"}],"wp:featuredmedia":[{"embeddable":true,"href":"https:\/\/portalnewsgta.com.br\/index.php\/wp-json\/wp\/v2\/media\/49471"}],"wp:attachment":[{"href":"https:\/\/portalnewsgta.com.br\/index.php\/wp-json\/wp\/v2\/media?parent=49470"}],"wp:term":[{"taxonomy":"category","embeddable":true,"href":"https:\/\/portalnewsgta.com.br\/index.php\/wp-json\/wp\/v2\/categories?post=49470"},{"taxonomy":"post_tag","embeddable":true,"href":"https:\/\/portalnewsgta.com.br\/index.php\/wp-json\/wp\/v2\/tags?post=49470"}],"curies":[{"name":"wp","href":"https:\/\/api.w.org\/{rel}","templated":true}]}}