{"id":49440,"date":"2025-03-22T08:43:24","date_gmt":"2025-03-22T11:43:24","guid":{"rendered":"https:\/\/portalnewsgta.com.br\/index.php\/2025\/03\/22\/afinal-quem-estava-na-festa-neymar-ou-o-sosia\/"},"modified":"2025-03-22T08:43:24","modified_gmt":"2025-03-22T11:43:24","slug":"afinal-quem-estava-na-festa-neymar-ou-o-sosia","status":"publish","type":"post","link":"https:\/\/portalnewsgta.com.br\/index.php\/2025\/03\/22\/afinal-quem-estava-na-festa-neymar-ou-o-sosia\/","title":{"rendered":"Afinal, quem estava na festa? Neymar ou o s\u00f3sia?"},"content":{"rendered":"<p>Nayara Macedo, a modelo que alega ter tido rela\u00e7\u00f5es sexuais com Neymar numa festa que aconteceu na semana passada em Ara\u00e7oiaba da Serra, <span class=\"news_bold\">veio agora a p\u00fablico afirmar que talvez&#8230; tenha se enganado.<\/span><\/p>\n<div class=\"dummyPub\">\u00a0<\/div>\n<p><span class=\"news_bold news_highlight\">\u00c9 que o jogador tem um s\u00f3sia, chamado Eigon Oliver.<\/span> Este, ap\u00f3s ver a pol\u00eamica com o jogador bombar na Internet, alegou que <span class=\"news_bold\">era ele quem estava na festa<\/span> e n\u00e3o o namorado de Bruna Biancardi.<\/p>\n<p>Eigon fez v\u00e1rios posts para tentar provar o sucedido. <span class=\"news_bold\">Num dos v\u00eddeos publicados, pode ver-se o influencer entrando dentro de um helic\u00f3ptero<\/span>, uma cena que remete ao que Neymar teria feito naquela noite. Al\u00e9m disso, surge beijando uma mulher que se parece com Nayara Macedo.<\/p>\n<p>Na legenda, o s\u00f3sia escreveu:<span class=\"news_bold\"> &#8220;Peguei emprestado, mas j\u00e1 devolvi. Desculpa, Neymar, pelo constrangimento!&#8221;<\/span>, provocando uma onda de rea\u00e7\u00f5es e especula\u00e7\u00f5es entre os internautas.<\/p>\n<div><a href=\"https:\/\/www.instagram.com\/reel\/DHMbmZeBrCo\/?utm_source=ig_embed&amp;utm_campaign=loading\" target=\"_blank\" rel=\"noopener\"><\/p>\n<div>\n<div>\u00a0<\/div>\n<div>\n<div>\u00a0<\/div>\n<div>\u00a0<\/div>\n<\/div>\n<\/div>\n<div>\u00a0<\/div>\n<div>\u00a0<\/div>\n<div>\n<div>Ver esta publica\u00e7\u00e3o no Instagram<\/div>\n<\/div>\n<div>\u00a0<\/div>\n<div>\n<div>\n<div>\u00a0<\/div>\n<div>\u00a0<\/div>\n<div>\u00a0<\/div>\n<\/div>\n<div>\n<div>\u00a0<\/div>\n<div>\u00a0<\/div>\n<\/div>\n<div>\n<div>\u00a0<\/div>\n<div>\u00a0<\/div>\n<div>\u00a0<\/div>\n<\/div>\n<\/div>\n<div>\n<div>\u00a0<\/div>\n<div>\u00a0<\/div>\n<\/div>\n<p><\/a><\/p>\n<p><a href=\"https:\/\/www.instagram.com\/reel\/DHMbmZeBrCo\/?utm_source=ig_embed&amp;utm_campaign=loading\" target=\"_blank\" rel=\"noopener\">Uma publica\u00e7\u00e3o partilhada por Eigon Oliveira (@sosiadoney)<\/a><\/p>\n<\/div>\n<\/p>\n<p><span class=\"news_h3\">A rea\u00e7\u00e3o de Nayara Macedo<\/span><\/p>\n<p>Apesar destes posts, a modelo descartou a hip\u00f3tese de ter tido rela\u00e7\u00f5es com Eigon Oliver.<span class=\"news_bold\"> &#8220;Gente, pelo amor de Deus! Esse s\u00f3sia s\u00f3 \u00e9 parecido com o Neymar quando ele est\u00e1 com os \u00f3culos, n\u00e9? Porque tirou os \u00f3culos, minha amiga, quem \u00e9 que ele engana?&#8221;<\/span>, disse numa hist\u00f3ria de Instagram.<\/p>\n<p><span class=\"news_bold\">&#8220;Menino doido. Nunca vi esse s\u00f3sia na minha vida, nunca. Ele estava com uma ruiva l\u00e1 que n\u00e3o era eu n\u00e3o. Ela nem tatuagem tinha, eu sou cheia de tatuagem. Eu s\u00f3 descobri esse menino de tanto que voc\u00eas me marcaram. Nem cabelo ele tem, coitado. N\u00e3o tem nada a ver, bota um \u00f3culos e um bon\u00e9 e fica mais ou menos parecido&#8221;<\/span>, concluiu no v\u00eddeo, tamb\u00e9m compartilhado pelo s\u00f3sia na sua p\u00e1gina.<\/p>\n<div><a href=\"https:\/\/www.instagram.com\/reel\/DHbwpMxBK9c\/?utm_source=ig_embed&amp;utm_campaign=loading\" target=\"_blank\" rel=\"noopener\"><\/p>\n<div>\n<div>\u00a0<\/div>\n<div>\n<div>\u00a0<\/div>\n<div>\u00a0<\/div>\n<\/div>\n<\/div>\n<div>\u00a0<\/div>\n<div>\u00a0<\/div>\n<div>\n<div>Ver esta publica\u00e7\u00e3o no Instagram<\/div>\n<\/div>\n<div>\u00a0<\/div>\n<div>\n<div>\n<div>\u00a0<\/div>\n<div>\u00a0<\/div>\n<div>\u00a0<\/div>\n<\/div>\n<div>\n<div>\u00a0<\/div>\n<div>\u00a0<\/div>\n<\/div>\n<div>\n<div>\u00a0<\/div>\n<div>\u00a0<\/div>\n<div>\u00a0<\/div>\n<\/div>\n<\/div>\n<div>\n<div>\u00a0<\/div>\n<div>\u00a0<\/div>\n<\/div>\n<p><\/a><\/p>\n<p><a href=\"https:\/\/www.instagram.com\/reel\/DHbwpMxBK9c\/?utm_source=ig_embed&amp;utm_campaign=loading\" target=\"_blank\" rel=\"noopener\">Uma publica\u00e7\u00e3o partilhada por Eigon Oliveira (@sosiadoney)<\/a><\/p>\n<\/div>\n<p><span class=\"news_bold news_highlight\">Vale lembrar, na quarta-feira, dia 19, Nayara causou alvoro\u00e7o nas redes sociais ap\u00f3s afirmar que estava gr\u00e1vida.<\/span> A modelo acabou por ser alvo de cr\u00edticas por parte de alguns seguidores que alegaram que ela s\u00f3 &#8220;estava \u00e0 procura da pens\u00e3o&#8221;. <span class=\"news_bold\">Nayara, por\u00e9m, n\u00e3o revelou quem \u00e9 o pai do seu suposto beb\u00ea.<\/span><\/p>\n<p>Leia Tamb\u00e9m: <a href=\"https:\/\/www.noticiasaominuto.com.br\/fama\/2269478\/kim-kardashian-se-sente-frustrada-ao-dividir-guarda-com-kanye-west\" target=\"_blank\" rel=\"noopener\">Kim Kardashian se sente frustrada ao dividir guarda com Kanye West<\/a><\/p>\n<p>Fonte: noticiasaominuto.com.br<\/p>\n","protected":false},"excerpt":{"rendered":"<p>Nayara Macedo, a modelo que alega ter tido rela\u00e7\u00f5es sexuais com Neymar numa festa que<\/p>\n","protected":false},"author":0,"featured_media":49441,"comment_status":"open","ping_status":"open","sticky":false,"template":"","format":"standard","meta":{"footnotes":""},"categories":[6],"tags":[],"aioseo_notices":[],"_links":{"self":[{"href":"https:\/\/portalnewsgta.com.br\/index.php\/wp-json\/wp\/v2\/posts\/49440"}],"collection":[{"href":"https:\/\/portalnewsgta.com.br\/index.php\/wp-json\/wp\/v2\/posts"}],"about":[{"href":"https:\/\/portalnewsgta.com.br\/index.php\/wp-json\/wp\/v2\/types\/post"}],"replies":[{"embeddable":true,"href":"https:\/\/portalnewsgta.com.br\/index.php\/wp-json\/wp\/v2\/comments?post=49440"}],"version-history":[{"count":0,"href":"https:\/\/portalnewsgta.com.br\/index.php\/wp-json\/wp\/v2\/posts\/49440\/revisions"}],"wp:featuredmedia":[{"embeddable":true,"href":"https:\/\/portalnewsgta.com.br\/index.php\/wp-json\/wp\/v2\/media\/49441"}],"wp:attachment":[{"href":"https:\/\/portalnewsgta.com.br\/index.php\/wp-json\/wp\/v2\/media?parent=49440"}],"wp:term":[{"taxonomy":"category","embeddable":true,"href":"https:\/\/portalnewsgta.com.br\/index.php\/wp-json\/wp\/v2\/categories?post=49440"},{"taxonomy":"post_tag","embeddable":true,"href":"https:\/\/portalnewsgta.com.br\/index.php\/wp-json\/wp\/v2\/tags?post=49440"}],"curies":[{"name":"wp","href":"https:\/\/api.w.org\/{rel}","templated":true}]}}