{"id":49438,"date":"2025-03-22T08:43:20","date_gmt":"2025-03-22T11:43:20","guid":{"rendered":"https:\/\/portalnewsgta.com.br\/index.php\/2025\/03\/22\/anitta-cancela-show-no-coachella-2025-por-motivos-pessoais\/"},"modified":"2025-03-22T08:43:20","modified_gmt":"2025-03-22T11:43:20","slug":"anitta-cancela-show-no-coachella-2025-por-motivos-pessoais","status":"publish","type":"post","link":"https:\/\/portalnewsgta.com.br\/index.php\/2025\/03\/22\/anitta-cancela-show-no-coachella-2025-por-motivos-pessoais\/","title":{"rendered":"Anitta cancela show no Coachella 2025 por &#8220;motivos pessoais&#8221;"},"content":{"rendered":"<p>Anitta anunciou nesta sexta-feira, 21 de mar\u00e7o, que n\u00e3o ir\u00e1 se apresentar no Coachella deste ano.<\/p>\n<div class=\"dummyPub\">\u00a0<\/div>\n<p>A artista revelou na rede social X que cancelou os shows previstos para os dias 12 e 19 de abril por &#8220;motivos pessoais&#8221;.<\/p>\n<p>&#8220;Estou verdadeiramente grata ao festival pelo convite, pela compreens\u00e3o e pelo apoio cont\u00ednuo. Espero ter a oportunidade de me juntar a todos voc\u00eas no futuro para compartilharmos esse momento.<\/p>\n<p>I was really looking forward to being at Coachella this year, but due to unexpected personal reasons, I won\u2019t be able to perform. I\u2019m truly grateful to the festival for the invitation, their understanding, and continued support.<\/p>\n<p>\u2014 Anitta (@Anitta) <a href=\"https:\/\/twitter.com\/Anitta\/status\/1902836029674951150?ref_src=twsrc%5Etfw\">March 20, 2025<\/a><\/p>\n<p>Vale lembrar que a primeira vez que Anitta subiu ao palco do Coachella foi em 2022.<\/p>\n<p>Leia Tamb\u00e9m: <a href=\"https:\/\/www.noticiasaominuto.com.br\/fama\/2269481\/afinal-quem-estava-na-festa-neymar-ou-o-sosia\" target=\"_blank\" rel=\"noopener\">Afinal, quem estava na festa? Neymar ou o s\u00f3sia?<\/a><\/p>\n<p>Fonte: noticiasaominuto.com.br<\/p>\n","protected":false},"excerpt":{"rendered":"<p>Anitta anunciou nesta sexta-feira, 21 de mar\u00e7o, que n\u00e3o ir\u00e1 se apresentar no Coachella deste<\/p>\n","protected":false},"author":0,"featured_media":49439,"comment_status":"open","ping_status":"open","sticky":false,"template":"","format":"standard","meta":{"footnotes":""},"categories":[6],"tags":[],"aioseo_notices":[],"_links":{"self":[{"href":"https:\/\/portalnewsgta.com.br\/index.php\/wp-json\/wp\/v2\/posts\/49438"}],"collection":[{"href":"https:\/\/portalnewsgta.com.br\/index.php\/wp-json\/wp\/v2\/posts"}],"about":[{"href":"https:\/\/portalnewsgta.com.br\/index.php\/wp-json\/wp\/v2\/types\/post"}],"replies":[{"embeddable":true,"href":"https:\/\/portalnewsgta.com.br\/index.php\/wp-json\/wp\/v2\/comments?post=49438"}],"version-history":[{"count":0,"href":"https:\/\/portalnewsgta.com.br\/index.php\/wp-json\/wp\/v2\/posts\/49438\/revisions"}],"wp:featuredmedia":[{"embeddable":true,"href":"https:\/\/portalnewsgta.com.br\/index.php\/wp-json\/wp\/v2\/media\/49439"}],"wp:attachment":[{"href":"https:\/\/portalnewsgta.com.br\/index.php\/wp-json\/wp\/v2\/media?parent=49438"}],"wp:term":[{"taxonomy":"category","embeddable":true,"href":"https:\/\/portalnewsgta.com.br\/index.php\/wp-json\/wp\/v2\/categories?post=49438"},{"taxonomy":"post_tag","embeddable":true,"href":"https:\/\/portalnewsgta.com.br\/index.php\/wp-json\/wp\/v2\/tags?post=49438"}],"curies":[{"name":"wp","href":"https:\/\/api.w.org\/{rel}","templated":true}]}}