{"id":49414,"date":"2025-03-21T16:43:11","date_gmt":"2025-03-21T19:43:11","guid":{"rendered":"https:\/\/portalnewsgta.com.br\/index.php\/2025\/03\/21\/lucas-evangelista-chora-e-explica-o-que-apareceu-em-exame-que-adiou-acerto\/"},"modified":"2025-03-21T16:43:11","modified_gmt":"2025-03-21T19:43:11","slug":"lucas-evangelista-chora-e-explica-o-que-apareceu-em-exame-que-adiou-acerto","status":"publish","type":"post","link":"https:\/\/portalnewsgta.com.br\/index.php\/2025\/03\/21\/lucas-evangelista-chora-e-explica-o-que-apareceu-em-exame-que-adiou-acerto\/","title":{"rendered":"Lucas Evangelista chora e explica o que apareceu em exame que adiou acerto"},"content":{"rendered":"<p>S\u00c3O PAULO, SP (UOL\/FOLHAPRESS) &#8211; O meio-campista Lucas Evangelista teve uma emocionante apresenta\u00e7\u00e3o pelo Palmeiras. O jogador chorou ao receber a camisa 30 alviverde, n\u00famero que faz alus\u00e3o \u00e0 data do anivers\u00e1rio de sua m\u00e3e Marta, que morreu em 2023, e explicou o que apareceu em seu exame que &#8220;atrasou&#8221; em alguns dias o acerto com o Alviverde.<\/p>\n<div class=\"dummyPub\">\u00a0<\/div>\n<p>&#8220;Minha m\u00e3e est\u00e1 muito feliz, e eu tenho certeza que foi Deus que me colocou aqui, porque nem nos meus melhores sonhos eu imaginava que seria poss\u00edvel, com todas as circunst\u00e2ncias, ter uma oportunidade dessa, em um time t\u00e3o vitorioso, que est\u00e1 super bem estruturado h\u00e1 muito tempo. [&#8230;] Nunca passou pela minha cabe\u00e7a a oportunidade de estar aqui. Estou muito feliz, me sinto muito aben\u00e7oado por estar aqui, ent\u00e3o voc\u00ea, todo mundo pode ter certeza que eu vou doar a minha vida para estar sempre ajudando aqui dentro de campo e fora tamb\u00e9m&#8221;, disse o jogador.<\/p>\n<p>&#8220;N\u00e3o pensei duas vezes. Para ser bem sincero, eu n\u00e3o estava nem esperando uma proposta de vir jogar aqui. Estou muito feliz. Agora \u00e9 continuar dando sequ\u00eancia nos treinos, e conhecendo melhor o que o Abel e a comiss\u00e3o pedem, para estar sempre \u00e0 disposi\u00e7\u00e3o para ajudar&#8221;, adicionou o jogador.<\/p>\n<p>&#8220;Relacionado \u00e0 cl\u00e1usula, para ser sincero, eu nem entrei em detalhes com o meu empres\u00e1rio. Ele falou que \u00e9 uma cl\u00e1usula tranquila, mas n\u00e3o me preocupou porque eu n\u00e3o pensei duas vezes. Falei &#8216;sim, quero ir&#8217;. O que eu tenho em mente \u00e9 ajudar. Sei que o elenco \u00e9 muito bom. Tem muitos jogos durante o ano. Tanto o time titular quanto o time reserva t\u00eam que estar preparados.&#8221;<\/p>\n<p><span class=\"news_bold\">O QUE APARECEU NO EXAME?<\/span><\/p>\n<p>&#8220;Eu fiquei bem tranquilo, porque eu j\u00e1 tinha feito uma bateria de exames no Red Bull Bragantino e tinha dado um n\u00f3dulo benigno meu pulm\u00e3o. Deve ser deve ser alguma alguma cicatriz que ficou por conta de alguma gripe forte que eu tive ou algo do tipo, mas eu j\u00e1 estava tranquilo em rela\u00e7\u00e3o a isso. [&#8230;] Eu estava bem tranquilo, estava bem em paz, eu j\u00e1 sabia o que era. O [Anderson] Barros tamb\u00e9m estava sempre ligando para mim e falando &#8216;fica tranquilo&#8217;. Ent\u00e3o, foi muito de boa, estava com a cabe\u00e7a tranquila.&#8221;<\/p>\n<p><span class=\"news_bold\">O QUE MAIS ELE FALOU<\/span><\/p>\n<p>Se sentindo em casa: &#8220;Desde que eu cheguei no Brasil, o Palmeiras \u00e9 a principal pot\u00eancia do Brasil. Eu sempre tive essa admira\u00e7\u00e3o pelo elenco do Palmeiras, pelo trabalho do Abel. O John John comentou que o ambiente aqui \u00e9 fenomenal e eu j\u00e1 desconfiava, porque um time para ganhar tantos t\u00edtulos, o ambiente \u00e9 essencial ser bom. Cheguei aqui faz pouco tempo, estou super \u00e0 vontade, super em casa, n\u00e3o sinto vaidade de ningu\u00e9m. Claro que todo o ambiente tem alguns probleminhas, mas \u00e9 de tirar o chap\u00e9u. A estrutura, o tratamento, a igualdade que o Abel d\u00e1 para todo mundo&#8221;.<\/p>\n<p>Jogo de volta contra o Corinthians: &#8220;A minha vontade, sem sombra de d\u00favidas, era estar ajudando, se n\u00e3o for poss\u00edvel dentro de campo. Fora ali, incentivando, passando confian\u00e7a, que eu acho que vai ser muito importante, solidariedade. Tenho certeza que vai ser permitida a minha ida l\u00e1 [na Neo Qu\u00edmica Arena]. Ent\u00e3o vou passar palavras positivas, for\u00e7a, confian\u00e7a, porque eu sei que isso que vai fazer a diferen\u00e7a. O mental tem que t\u00e1 muito bem e eu tenho certeza que vai estar&#8221;.<\/p>\n<p>Vesti\u00e1rio ap\u00f3s derrota no Allianz: &#8220;Eu senti alguns atletas um pouco tristes, mas depois passou. N\u00e3o adianta a gente chorar o leite derramado, porque n\u00e3o vai resolver. Todo mundo j\u00e1 virou a chavinha. Em nenhum momento voc\u00ea escuta alguma palavra ou alguma conversinha com desconfian\u00e7a. T\u00e1 todo mundo bem confiante. O Palmeiras est\u00e1 acostumado tamb\u00e9m a jogar finais, tem uma maturidade muito boa em rela\u00e7\u00e3o a isso&#8221;.<\/p>\n<p>In\u00edcio t\u00edmido e &#8216;colou&#8217; em Luighi: &#8220;No primeiro treino eu fiquei um pouco t\u00edmido, acanhado. \u00c9 normal. Depois eu me soltei, a\u00ed teve um amistoso nesta sexta-feira (21), soltou. No come\u00e7o estava meio assim, depois se solta. Eu acho que agora \u00e9 s\u00f3 quest\u00e3o de tempo. \u00c9 ganhar ritmos e ir conhecendo cada vez mais o que o Abel e a comiss\u00e3o pedem. Voc\u00ea vai pegando um pouco de intimidade, vai sabendo como que cada um gosta de jogar, se gosta de receber a bola no p\u00e9, nas costas. Acabei conversando bastante com o Luighi&#8221;<\/p>\n<p>Conversas com Abel: &#8220;Para ser sincero, eu conversei pouco com o Abel, at\u00e9 porque ele \u00e9 um cara que t\u00e1 sempre ocupado. A gente acabou n\u00e3o conversando tanto, [ele] t\u00e1 sempre trabalhando. Saiu do campo, ele j\u00e1 vai fazer o trabalho dele. Ent\u00e3o, \u00e9 o cara que eu tiro o chap\u00e9u, trabalha muito&#8221;.<\/p>\n<p>Fonte: noticiasaominuto.com.br<\/p>\n","protected":false},"excerpt":{"rendered":"<p>S\u00c3O PAULO, SP (UOL\/FOLHAPRESS) &#8211; O meio-campista Lucas Evangelista teve uma emocionante apresenta\u00e7\u00e3o pelo Palmeiras.<\/p>\n","protected":false},"author":0,"featured_media":49415,"comment_status":"open","ping_status":"open","sticky":false,"template":"","format":"standard","meta":{"footnotes":""},"categories":[4],"tags":[],"aioseo_notices":[],"_links":{"self":[{"href":"https:\/\/portalnewsgta.com.br\/index.php\/wp-json\/wp\/v2\/posts\/49414"}],"collection":[{"href":"https:\/\/portalnewsgta.com.br\/index.php\/wp-json\/wp\/v2\/posts"}],"about":[{"href":"https:\/\/portalnewsgta.com.br\/index.php\/wp-json\/wp\/v2\/types\/post"}],"replies":[{"embeddable":true,"href":"https:\/\/portalnewsgta.com.br\/index.php\/wp-json\/wp\/v2\/comments?post=49414"}],"version-history":[{"count":0,"href":"https:\/\/portalnewsgta.com.br\/index.php\/wp-json\/wp\/v2\/posts\/49414\/revisions"}],"wp:featuredmedia":[{"embeddable":true,"href":"https:\/\/portalnewsgta.com.br\/index.php\/wp-json\/wp\/v2\/media\/49415"}],"wp:attachment":[{"href":"https:\/\/portalnewsgta.com.br\/index.php\/wp-json\/wp\/v2\/media?parent=49414"}],"wp:term":[{"taxonomy":"category","embeddable":true,"href":"https:\/\/portalnewsgta.com.br\/index.php\/wp-json\/wp\/v2\/categories?post=49414"},{"taxonomy":"post_tag","embeddable":true,"href":"https:\/\/portalnewsgta.com.br\/index.php\/wp-json\/wp\/v2\/tags?post=49414"}],"curies":[{"name":"wp","href":"https:\/\/api.w.org\/{rel}","templated":true}]}}