{"id":49393,"date":"2025-03-21T10:42:38","date_gmt":"2025-03-21T13:42:38","guid":{"rendered":"https:\/\/portalnewsgta.com.br\/index.php\/2025\/03\/21\/geraldo-luis-deixa-a-redetv-dez-dias-apos-ter-programas-retirados-do-ar\/"},"modified":"2025-03-21T10:42:38","modified_gmt":"2025-03-21T13:42:38","slug":"geraldo-luis-deixa-a-redetv-dez-dias-apos-ter-programas-retirados-do-ar","status":"publish","type":"post","link":"https:\/\/portalnewsgta.com.br\/index.php\/2025\/03\/21\/geraldo-luis-deixa-a-redetv-dez-dias-apos-ter-programas-retirados-do-ar\/","title":{"rendered":"Geraldo Lu\u00eds deixa a RedeTV! dez dias ap\u00f3s ter programas retirados do ar"},"content":{"rendered":"<p>(UOL\/FOLHAPRESS) &#8211; Ap\u00f3s ter dois programas tirados do ar, o apresentador Geraldo Lu\u00eds n\u00e3o faz mais parte do quadro da RedeTV!. A informa\u00e7\u00e3o foi confirmada \u00e0 reportagem pela emissora.<\/p>\n<div class=\"dummyPub\">\u00a0<\/div>\n<p>Geraldo Lu\u00eds foi desligado da RedeTV! neste m\u00eas. Sa\u00edda do canal ocorre dez dias ap\u00f3s an\u00fancio de que seus dois programas &#8220;Ultra Pr\u00eamio Show&#8221; (ter\u00e7as) e &#8220;Geral do Povo&#8221; (domingos) foram retirados da grade.<\/p>\n<p>Em comunicado, A RedeTV! informou que o contrato com o apresentador foi encerrado. Ele tinha sido anunciado na emissora em setembro de 2023, um ano e meio atr\u00e1s. Curiosamente, o canal anunciou novo programa de Jo\u00e3o Kl\u00e9ber aos domingos, dia que Geraldo Lu\u00eds comandava atra\u00e7\u00e3o na grade, a partir do pr\u00f3ximo dia 23.<\/p>\n<p>&#8220;A emissora agradece ao apresentador pela contribui\u00e7\u00e3o e profissionalismo \u00e0 frente das atra\u00e7\u00f5es que comandou no canal e deseja sucesso em seus pr\u00f3ximos projetos&#8221;, informa a RedeTV! em nota enviada \u00e0 reportagem.<\/p>\n<p>H\u00e1 dez dias, a emissora havia dito que a retirada dos programas comandados por Geraldo Lu\u00eds se deu por &#8220;raz\u00f5es estrat\u00e9gicas de programa\u00e7\u00e3o&#8221; e que &#8220;Geraldo Lu\u00eds e a dire\u00e7\u00e3o Art\u00edstica da RedeTV! est\u00e3o empenhados e entusiasmados em construir um novo cap\u00edtulo na hist\u00f3ria desta parceira de sucesso&#8221;. Hoje, seu desligamento foi confirmado.<\/p>\n<p>A reportagem fez contato com o apresentador para comentar sua demiss\u00e3o e planos futuros, mas ainda n\u00e3o obteve retorno. O texto ser\u00e1 atualizado se houver resposta.<\/p>\n<p>Pela manh\u00e3, Geraldo Lu\u00eds utilizou seu Instagram para compartilhar um texto atribu\u00eddo ao poeta portugu\u00eas Fernando Pessoa -o site boatos.org j\u00e1 classificou mensagem como boato e desmentiu a autoria ao poeta. Texto reflete sobre certezas como a de que &#8220;estamos sempre a come\u00e7ar&#8221; e que &#8220;\u00e9 preciso continuar&#8221;, e aconselha a &#8220;fazer da interrup\u00e7\u00e3o um caminho novo&#8221;.<\/p>\n<p>Na legenda, Geraldo escreveu: &#8220;Tudo se move e renova, n\u00e3o deixe sua mente parada e nem sua f\u00e9 apagada! A vida sempre ir\u00e1 nos surpreender na<br \/>esquina? Bom dia vida&#8221;.<\/p>\n<p>Leia Tamb\u00e9m: <a href=\"https:\/\/www.noticiasaominuto.com.br\/fama\/2269159\/blake-lively-usa-lei-que-protege-acusadores-de-assedio-contra-baldoni\" target=\"_blank\" rel=\"noopener\">Blake Lively usa lei que protege acusadores de ass\u00e9dio contra Baldoni<\/a><\/p>\n<p>Fonte: noticiasaominuto.com.br<\/p>\n","protected":false},"excerpt":{"rendered":"<p>(UOL\/FOLHAPRESS) &#8211; Ap\u00f3s ter dois programas tirados do ar, o apresentador Geraldo Lu\u00eds n\u00e3o faz<\/p>\n","protected":false},"author":0,"featured_media":49394,"comment_status":"open","ping_status":"open","sticky":false,"template":"","format":"standard","meta":{"footnotes":""},"categories":[6],"tags":[],"aioseo_notices":[],"_links":{"self":[{"href":"https:\/\/portalnewsgta.com.br\/index.php\/wp-json\/wp\/v2\/posts\/49393"}],"collection":[{"href":"https:\/\/portalnewsgta.com.br\/index.php\/wp-json\/wp\/v2\/posts"}],"about":[{"href":"https:\/\/portalnewsgta.com.br\/index.php\/wp-json\/wp\/v2\/types\/post"}],"replies":[{"embeddable":true,"href":"https:\/\/portalnewsgta.com.br\/index.php\/wp-json\/wp\/v2\/comments?post=49393"}],"version-history":[{"count":0,"href":"https:\/\/portalnewsgta.com.br\/index.php\/wp-json\/wp\/v2\/posts\/49393\/revisions"}],"wp:featuredmedia":[{"embeddable":true,"href":"https:\/\/portalnewsgta.com.br\/index.php\/wp-json\/wp\/v2\/media\/49394"}],"wp:attachment":[{"href":"https:\/\/portalnewsgta.com.br\/index.php\/wp-json\/wp\/v2\/media?parent=49393"}],"wp:term":[{"taxonomy":"category","embeddable":true,"href":"https:\/\/portalnewsgta.com.br\/index.php\/wp-json\/wp\/v2\/categories?post=49393"},{"taxonomy":"post_tag","embeddable":true,"href":"https:\/\/portalnewsgta.com.br\/index.php\/wp-json\/wp\/v2\/tags?post=49393"}],"curies":[{"name":"wp","href":"https:\/\/api.w.org\/{rel}","templated":true}]}}