{"id":49357,"date":"2025-03-21T09:35:11","date_gmt":"2025-03-21T12:35:11","guid":{"rendered":"https:\/\/portalnewsgta.com.br\/?p=49357"},"modified":"2025-03-21T09:36:21","modified_gmt":"2025-03-21T12:36:21","slug":"esforcos-do-governo-de-mt-reduzem-custos-logisticos-e-garantem-estrutura-para-crescimento-dos-municipios-afirma-vice-governador","status":"publish","type":"post","link":"https:\/\/portalnewsgta.com.br\/index.php\/2025\/03\/21\/esforcos-do-governo-de-mt-reduzem-custos-logisticos-e-garantem-estrutura-para-crescimento-dos-municipios-afirma-vice-governador\/","title":{"rendered":"&#8220;Esfor\u00e7os do Governo de MT reduzem custos log\u00edsticos e garantem estrutura para crescimento dos munic\u00edpios&#8221;, afirma vice-governador"},"content":{"rendered":"<section id=\"content\" class=\"\">\n<div id=\"main-content\" class=\"layout-content portlet-layout\" role=\"main\">\n<div class=\"lfr-layout-structure-item-basic-component-html lfr-layout-structure-item-bda1c57d-ebfb-7ab5-34ae-f5ebeccc3ede \">\n<div id=\"fragment-ca25083f-c957-0d17-33a1-d4600b7497e7\">\n<div class=\"component-html\" data-lfr-editable-id=\"element-html\" data-lfr-editable-type=\"html\">\n<div class=\"container-fluid viewNoticia mt-4 mb-5\">\n<div class=\"container-fluid pt-4 pb-4\">\n<div class=\"container\">\n<div class=\"row text-center legenda_foto mt-2\">\n<div class=\"col-12\"><b>Cr\u00e9dito &#8211;\u00a0<\/b>Cedida\/AMM<\/div>\n<\/div>\n<\/div>\n<\/div>\n<div class=\"container mt-5\">\n<div class=\"row justify-content-md-center\">\n<div class=\"col-sm-11 conteudo\">\n<p>O vice-governador Otaviano Pivetta destacou, durante entrevista na Farm Show 2025, em Primavera do Leste, os esfor\u00e7os do Governo de Mato Grosso para reduzir custos log\u00edsticos, atrair investimentos e garantir a estrutura necess\u00e1ria para o crescimento dos munic\u00edpios.<\/p>\n<p>Segundo ele, a moderniza\u00e7\u00e3o da infraestrutura tem colocado Mato Grosso em uma posi\u00e7\u00e3o estrat\u00e9gica no cen\u00e1rio nacional e internacional, o que atrai investimentos e impulsiona o desenvolvimento do Estado.<\/p>\n<p>\u201cMato Grosso avan\u00e7ou na industrializa\u00e7\u00e3o, e isso n\u00e3o tem mais volta. A agroind\u00fastria est\u00e1 crescendo, a produ\u00e7\u00e3o de etanol e carnes aumentou, e isso gera mais empregos e oportunidades. Hoje, temos a menor taxa de desemprego do Brasil. Mas, para esse crescimento continuar, precisamos garantir estrutura e seguran\u00e7a para quem trabalha e vive aqui\u201d, afirmou Otaviano Pivetta.<\/p>\n<p>Ele pontuou a\u00e7\u00f5es do Governo de Mato Grosso para enfrentar os desafios log\u00edsticos do setor produtivo. \u201cSeis anos atr\u00e1s, a situa\u00e7\u00e3o era outra. Hoje, temos a constru\u00e7\u00e3o da primeira ferrovia estadual do Brasil, um marco para o Estado. Al\u00e9m disso, temos investimentos constantes em obras rodovi\u00e1rias, com interven\u00e7\u00f5es em todas as regi\u00f5es. Isso significa transporte mais barato para os produtores e pre\u00e7os mais competitivos para o consumidor final\u201d, afirmou.<\/p>\n<p>O vice-governador ressaltou tamb\u00e9m que a moderniza\u00e7\u00e3o da infraestrutura tem como objetivo garantir que Mato Grosso siga atraindo investimentos e mantendo sua posi\u00e7\u00e3o estrat\u00e9gica no cen\u00e1rio nacional e internacional. \u201cMato Grosso tem os olhos do mundo voltados para sua produ\u00e7\u00e3o agr\u00edcola, especialmente de pa\u00edses como a China, \u00cdndia e na\u00e7\u00f5es do Oriente M\u00e9dio. O que estamos vendo \u00e9 um processo irrevers\u00edvel de verticaliza\u00e7\u00e3o da produ\u00e7\u00e3o, com a chegada forte da agroind\u00fastria, e esse movimento s\u00f3 tende a crescer\u201d.<\/p>\n<p>Al\u00e9m dos investimentos em infraestrutura, Otaviano Pivetta destacou o compromisso do Governo com a seguran\u00e7a jur\u00eddica para quem trabalha no campo. \u201cO governo n\u00e3o atrapalha o setor produtivo, pelo contr\u00e1rio, trabalha para oferecer estrutura e seguran\u00e7a para quem quer produzir e gerar empregos. E os resultados est\u00e3o aparecendo: o Estado tem a menor taxa de desemprego do Brasil, refletindo o avan\u00e7o na industrializa\u00e7\u00e3o e nas cadeias produtivas. N\u00e3o permitimos invas\u00f5es ou bagun\u00e7as que possam atrapalhar a ordem e o crescimento\u201d, enfatizou.<\/p>\n<p>Otaviano Pivetta tamb\u00e9m lembrou da import\u00e2ncia de seguir acompanhando o crescimento das cidades, principalmente em rela\u00e7\u00e3o \u00e0 habita\u00e7\u00e3o. \u201cMuita gente est\u00e1 se mudando para munic\u00edpios-polo como Primavera do Leste, e precisamos garantir moradia para essas fam\u00edlias. O Governo est\u00e1 trabalhando para ampliar o acesso \u00e0 casa pr\u00f3pria e dar condi\u00e7\u00f5es de vida digna para quem chega \u00e0 regi\u00e3o\u201d.<\/p>\n<p>Em agenda no munic\u00edpio, o vice-governador visitou ainda a Escola Municipal Tia Dejane, localizada no bairro Primavera III, e a Escola Estadual Paulo Freire.<\/p>\n<picture data-fileentryid=\"70804267\"><source srcset=\"\/o\/adaptive-media\/image\/70804267\/Thumbnail-1024x1024\/04f9e2ad-7453-4727-83bd-e8173b4293c7.jpg?t=1742499684519\" media=\"(max-width:1024px)\" \/><img decoding=\"async\" src=\"https:\/\/www.secom.mt.gov.br\/documents\/d\/mt\/04f9e2ad-7453-4727-83bd-e8173b4293c7-jpg?imageThumbnail=3\" alt=\"\" height=\"267\" \/><\/picture>\n<\/div>\n<\/div>\n<\/div>\n<\/div>\n<\/div>\n<\/div>\n<\/div>\n<div><\/div>\n<\/div>\n<\/section>\n<div class=\"container-fluid\"><\/div>\n","protected":false},"excerpt":{"rendered":"<p>Cr\u00e9dito &#8211;\u00a0Cedida\/AMM O vice-governador Otaviano Pivetta destacou, durante entrevista na Farm Show 2025, em Primavera<\/p>\n","protected":false},"author":2,"featured_media":49361,"comment_status":"open","ping_status":"open","sticky":false,"template":"","format":"standard","meta":{"footnotes":""},"categories":[13,2],"tags":[],"aioseo_notices":[],"_links":{"self":[{"href":"https:\/\/portalnewsgta.com.br\/index.php\/wp-json\/wp\/v2\/posts\/49357"}],"collection":[{"href":"https:\/\/portalnewsgta.com.br\/index.php\/wp-json\/wp\/v2\/posts"}],"about":[{"href":"https:\/\/portalnewsgta.com.br\/index.php\/wp-json\/wp\/v2\/types\/post"}],"author":[{"embeddable":true,"href":"https:\/\/portalnewsgta.com.br\/index.php\/wp-json\/wp\/v2\/users\/2"}],"replies":[{"embeddable":true,"href":"https:\/\/portalnewsgta.com.br\/index.php\/wp-json\/wp\/v2\/comments?post=49357"}],"version-history":[{"count":3,"href":"https:\/\/portalnewsgta.com.br\/index.php\/wp-json\/wp\/v2\/posts\/49357\/revisions"}],"predecessor-version":[{"id":49362,"href":"https:\/\/portalnewsgta.com.br\/index.php\/wp-json\/wp\/v2\/posts\/49357\/revisions\/49362"}],"wp:featuredmedia":[{"embeddable":true,"href":"https:\/\/portalnewsgta.com.br\/index.php\/wp-json\/wp\/v2\/media\/49361"}],"wp:attachment":[{"href":"https:\/\/portalnewsgta.com.br\/index.php\/wp-json\/wp\/v2\/media?parent=49357"}],"wp:term":[{"taxonomy":"category","embeddable":true,"href":"https:\/\/portalnewsgta.com.br\/index.php\/wp-json\/wp\/v2\/categories?post=49357"},{"taxonomy":"post_tag","embeddable":true,"href":"https:\/\/portalnewsgta.com.br\/index.php\/wp-json\/wp\/v2\/tags?post=49357"}],"curies":[{"name":"wp","href":"https:\/\/api.w.org\/{rel}","templated":true}]}}